{"id":82359,"date":"2020-06-19T06:38:49","date_gmt":"2020-06-19T04:38:49","guid":{"rendered":"https:\/\/www.archivio-affarinternazionali.it\/archivio\/?p=82359"},"modified":"2020-06-21T09:33:54","modified_gmt":"2020-06-21T07:33:54","slug":"tra-india-e-cina-un-braccio-di-ferro-destinato-a-non-evolversi","status":"publish","type":"post","link":"https:\/\/www.archivio-affarinternazionali.it\/archivio\/2020\/06\/tra-india-e-cina-un-braccio-di-ferro-destinato-a-non-evolversi\/","title":{"rendered":"Tra India e Cina un braccio di ferro destinato a non evolversi"},"content":{"rendered":"<p>Quasi un anno fa, da queste pagine, commentando la decisione del premier indiano <a href=\"https:\/\/www.archivio-affarinternazionali.it\/archivio\/2020\/03\/cosa-ha-in-mente-modi-non-e-chiaro\/\" target=\"_blank\" rel=\"noopener\"><strong>Narendra Modi<\/strong><\/a> di cambiare la forma dello stato autonomo indiano del <a href=\"https:\/\/www.archivio-affarinternazionali.it\/archivio\/2019\/08\/kashmir-india-autonomia-pakistan\/\" target=\"_blank\" rel=\"noopener\"><strong>Kashmir<\/strong><\/a>, trasformandolo in un territorio dell&#8217;Unione insieme a quella che era una sua regione, il <strong>Ladakh<\/strong>, divenuta anch&#8217;essa territorio dell&#8217;Unione, avevamo sottolineato come la <strong>Cina<\/strong> guardava con interesse e preoccupazione a quanto Modi aveva fatto nell&#8217;area.<\/p>\n<p>La questione non era solo quella di sottrarre all&#8217;influenza pakistana e islamica un&#8217;area in un&#8217;<strong>opera di &#8220;induizzazione&#8221;<\/strong>\u00a0del Paese di Gandhi, ma anche dare un chiaro segnale alla Cina che, con l&#8217;India, tra est e ovest del subcontinente<em>,<\/em> condivide un confine non del tutto riconosciuto di oltre 3.000 chilometri.<\/p>\n<p>Negli anni, le dispute territoriali hanno visto l&#8217;India fronteggiare i cugini pakistani, soprattutto per quanto riguarda le regioni del Kashmir. Ma i confronti, anche armati, tra il paese di Gandhi e quello di Mao, non sono mai cessati.<\/p>\n<p><strong>I nodi dello scontro<br \/>\n<\/strong>I punti di scontro sono principalmente due: a ovest, quello del <strong>Ladakh<\/strong>, a est quello dell&#8217;<strong>Arunachal Pradesh<\/strong> e del <strong>Sikkim<\/strong>. La Cina ufficialmente non riconosce lo stato indiano dell&#8217;Arunachal Pradesh, 90.000 chilometri quadrati tra Tibet e India, mentre l&#8217;India accusa la Cina di occupare circa 38.000 chilometri quadrati del Kashmir.<\/p>\n<p>La &#8220;<strong>linea attuale di controllo<\/strong>&#8220;, il confine conteso fra i due Paesi, \u00e8 da sempre attraversata dal fuoco dei due eserciti. Nel 1986-87 si sfior\u00f2 di nuovo il conflitto per una serie di attacchi e incursioni in territorio straniero. Nel 1993 le due parti firmarono un accordo per ridurre le tensioni\u00a0e tre anni dopo fu si insedi\u00f2 una commissione per la pace.<\/p>\n<p>Con la visita in India dell&#8217;allora premier cinese <strong>Wen Jiabao<\/strong> il 12 aprile 2005, fu siglato un <strong>accordo<\/strong> che sanc\u00ec i principi guida della risoluzione della disputa. Nei 3.500 chilometri di confine contesi, rientra anche la disputa sulla sovranit\u00e0 dello Stato indiano del <strong>Kashmir<\/strong>, piccolo stato tra Nepal e Bhutan. Nel 1975 l&#8217;India annesse di fatto il <strong>Sikkim<\/strong> al suo territorio senza tuttavia che tale atto venisse mai riconosciuto dalla Cina. L&#8217;accordo firmato nel 2005 tra India e Cina non delimit\u00f2 il confine fra i due Paesi, ma li impegn\u00f2 di fatto, se non formalmente, ad uno status quo senza ostilit\u00e0 fino alla conclusione dei negoziati. Inoltre Wen Jiabao dichiar\u00f2 la sovranit\u00e0 indiana sul Sikkim, di fatto cancellando una delle due dispute.<\/p>\n<p>Nella <strong>parte orientale<\/strong> del Paese, la situazione \u00e8 stata pi\u00f9 o meno tranquilla, tanto che i governi indiani nel passato hanno anche riaperto il <strong>passo di Nathula<\/strong>, in Sikkim. Attraverso il collegamento, di 1.300 chilometri, India e Cina possono sviluppare ancora di pi\u00f9 i loro commerci evitando di dover percorrere via mare oltre 6000 chilometri. Queste aperture per\u00f2 non hanno escluso che le schermaglie tra i due eserciti continuassero, cos\u00ec come gli sconfinamenti militari, soprattutto quello cinese in territorio indiano.<\/p>\n<p>Come \u00e8 successo anche luned\u00ec 15 giugno quando, secondo le centellinate e confuse informazioni che arrivano da New Delhi e da Pechino, ci sarebbero stati <a href=\"https:\/\/www.bbc.com\/news\/world-asia-53061476\" target=\"_blank\" rel=\"noopener\"><strong>scontri tra militari<\/strong><\/a>, senza esplodere un colpo, nei quali hanno perso la vita 20 soldati indiani e non si sa quanti cinesi. Il luogo dello scontro \u00e8 strategico non solo per la <strong>Via della seta<\/strong>, ma anche per la <strong>vicinanza con il Pakistan<\/strong>, da sempre alleato cinese anche in chiave anti-indiana e anti-americana, e per le vie di collegamento con le due regioni pi\u00f9 &#8220;calde&#8221; controllate da Pechino (<strong>Tibet e Xinjiang<\/strong>).<\/p>\n<p>Sul confine orientale, India e Cina si contendono principalmente due zone, controllate dalla Cina con l&#8217;avallo di Islamabad ma reclamate dall\u2019India: l&#8217;<strong>Aksai Chin<\/strong> e la <strong>valle Shaksgam<\/strong>. Non lontano, il ghiacciaio del Siachen, nel Karakorum, \u00e8 amministrato da Delhi e rivendicato dal Pakistan.<\/p>\n<p><b>Improbabile la discesa sul campo di battaglia<\/b><br \/>\nImprobabile che New Delhi e Pechino scendano sul <strong>campo di battaglia,<\/strong> nonostante entrambi facciano del <strong>nazionalismo<\/strong>, dell&#8217;<strong>identit\u00e0<\/strong>, della difesa dei confini una bandiera. <strong>Modi ha detto che il sacrificio dei soldati uccisi non sar\u00e0 invano<\/strong>. Entrambi i Paesi hanno armi e capacit\u00e0 per scatenare la fine del mondo, ma non si arriver\u00e0 a nulla, neanche ad una soluzione pacifica. <strong>Modi non \u00e8 uomo di trattati cos\u00ec come di concessioni<\/strong>, e la vicenda di un anno fa con il Kashmir lo ha dimostrato.<\/p>\n<p>Ma il rapporto di forza di New Delhi con Pechino \u00e8 diverso. <strong>Xi Jinping non \u00e8 da meno di Modi<\/strong>, anche se meno propenso alla ribalta mediatica come il suo omologo indiano. La questione tibetana non \u00e8 sicuramente un ostacolo n\u00e9 un motivo di frizione. A Modi, in verit\u00e0, dei buddisti e del Dalai Lama che vive in esilio in India, interessa poco. Lui, che vuole &#8220;induizzare&#8221; il Paese, vede i discepoli di Siddhartha come cugini minori non pericolosi. Ma non permetterebbe a nessuno di mettere bocca su quanto fa nel suo Paese. La Cina, dal canto suo, ha ormai quasi completano l&#8217;<strong>opera di \u201ccinesizzazione\u201d del Tibet<\/strong>, attendendo solo il momento per sostituirlo con uno voluto da Pechino, come gi\u00e0 successo per il Panchen Lama.<\/p>\n<p>La disputa tra i due Paesi \u00e8 solo un <strong>braccio di ferro tra due colossi<\/strong> per ricordare la presenza dell&#8217;altro.<\/p>\n","protected":false},"excerpt":{"rendered":"<p>Quasi un anno fa, da queste pagine, commentando la decisione del premier indiano Narendra Modi di cambiare la forma dello stato autonomo indiano del Kashmir, trasformandolo in un territorio dell&#8217;Unione insieme a quella che era una sua regione, il Ladakh, divenuta anch&#8217;essa territorio dell&#8217;Unione, avevamo sottolineato come la Cina guardava con interesse e preoccupazione a [&hellip;]<\/p>\n","protected":false},"author":39,"featured_media":82360,"comment_status":"closed","ping_status":"closed","sticky":false,"template":"","format":"standard","meta":{"footnotes":""},"categories":[9],"tags":[73,77,92,1536,2364,1648,631],"_links":{"self":[{"href":"https:\/\/www.archivio-affarinternazionali.it\/archivio\/wp-json\/wp\/v2\/posts\/82359"}],"collection":[{"href":"https:\/\/www.archivio-affarinternazionali.it\/archivio\/wp-json\/wp\/v2\/posts"}],"about":[{"href":"https:\/\/www.archivio-affarinternazionali.it\/archivio\/wp-json\/wp\/v2\/types\/post"}],"author":[{"embeddable":true,"href":"https:\/\/www.archivio-affarinternazionali.it\/archivio\/wp-json\/wp\/v2\/users\/39"}],"replies":[{"embeddable":true,"href":"https:\/\/www.archivio-affarinternazionali.it\/archivio\/wp-json\/wp\/v2\/comments?post=82359"}],"version-history":[{"count":3,"href":"https:\/\/www.archivio-affarinternazionali.it\/archivio\/wp-json\/wp\/v2\/posts\/82359\/revisions"}],"predecessor-version":[{"id":82396,"href":"https:\/\/www.archivio-affarinternazionali.it\/archivio\/wp-json\/wp\/v2\/posts\/82359\/revisions\/82396"}],"wp:featuredmedia":[{"embeddable":true,"href":"https:\/\/www.archivio-affarinternazionali.it\/archivio\/wp-json\/wp\/v2\/media\/82360"}],"wp:attachment":[{"href":"https:\/\/www.archivio-affarinternazionali.it\/archivio\/wp-json\/wp\/v2\/media?parent=82359"}],"wp:term":[{"taxonomy":"category","embeddable":true,"href":"https:\/\/www.archivio-affarinternazionali.it\/archivio\/wp-json\/wp\/v2\/categories?post=82359"},{"taxonomy":"post_tag","embeddable":true,"href":"https:\/\/www.archivio-affarinternazionali.it\/archivio\/wp-json\/wp\/v2\/tags?post=82359"}],"curies":[{"name":"wp","href":"https:\/\/api.w.org\/{rel}","templated":true}]}}