{"id":83443,"date":"2020-08-13T10:31:43","date_gmt":"2020-08-13T08:31:43","guid":{"rendered":"https:\/\/www.archivio-affarinternazionali.it\/archivio\/?p=83443"},"modified":"2020-08-13T10:34:32","modified_gmt":"2020-08-13T08:34:32","slug":"economia-e-diritti-e-se-superassimo-la-crisi-azzerando-il-gender-gap","status":"publish","type":"post","link":"https:\/\/www.archivio-affarinternazionali.it\/archivio\/2020\/08\/economia-e-diritti-e-se-superassimo-la-crisi-azzerando-il-gender-gap\/","title":{"rendered":"Economia e diritti: e se superassimo la crisi azzerando il gender gap?"},"content":{"rendered":"<p>La crisi globale causata dal Covid-19 sta aggravando contraddizioni sistemiche e disuguaglianze preesistenti.\u00a0Con la pandemia, sta per esempio peggiorando una forma di discriminazione che da sempre colpisce la met\u00e0 della popolazione mondiale: quella di <strong>genere<\/strong>.<\/p>\n<p>In una<a href=\"https:\/\/www.archivio-affarinternazionali.it\/archivio\/2020\/05\/la-madre-di-tutte-le-recessioni\/\" target=\"_blank\" rel=\"noopener\"><strong> recessione economica<\/strong><\/a> che alcuni hanno definito la peggiore degli ultimi cento anni, e che di sicuro affligge tutti in modo drammatico, <strong><a href=\"https:\/\/www.un.org\/en\/un-coronavirus-communications-team\/put-women-and-girls-centre-efforts-recover-covid-19\" target=\"_blank\" rel=\"noopener\">circa il 60% delle donne<\/a><\/strong> al mondo stanno guadagnando e risparmiando ancora meno e sono pi\u00f9 esposte al rischio di tornare vittime dell&#8217;economia sommersa, primo motore del precariato.<\/p>\n<p><strong>Le donne nell&#8217;imprenditoria<br \/>\n<\/strong>Mentre la crisi si abbatte sulle filiere e sui mercati, anche nell&#8217;imprenditoria le donne perdono ulteriore terreno a causa del <em>gender gap<\/em>.<\/p>\n<p>Met\u00e0 delle imprese a conduzione femminile, solo nella regione euro-mediterranea, <strong><a href=\"https:\/\/ufmsecretariat.org\/women-industry-innovation-building-women-global-challenges\/\" target=\"_blank\" rel=\"noopener\">hanno dovuto sospendere tutte le loro attivit\u00e0<\/a><\/strong> e questa situazione rischia di cancellare anni di affermazione e di progressi all\u2019interno del settore.\u00a0Ma siamo sicuri che tutto questo sia un problema solo per le donne?<\/p>\n<p><strong>La web-conference dell&#8217;Unido<br \/>\n<\/strong>Molti attori pubblici e privati, istituzioni, imprese e agenzie internazionali stanno riconsiderando il gender gap come un <strong>ostacolo economico<\/strong>, oltre che come un&#8217;ingiustizia.<\/p>\n<p><img loading=\"lazy\" decoding=\"async\" class=\"alignleft wp-image-83446 size-medium\" src=\"https:\/\/www.archivio-affarinternazionali.it\/archivio\/wp-content\/uploads\/2020\/08\/Conference-banner-300x111.jpg\" alt=\"\" width=\"300\" height=\"111\" srcset=\"https:\/\/www.archivio-affarinternazionali.it\/archivio\/wp-content\/uploads\/2020\/08\/Conference-banner-300x111.jpg 300w, https:\/\/www.archivio-affarinternazionali.it\/archivio\/wp-content\/uploads\/2020\/08\/Conference-banner-768x284.jpg 768w, https:\/\/www.archivio-affarinternazionali.it\/archivio\/wp-content\/uploads\/2020\/08\/Conference-banner-1024x379.jpg 1024w, https:\/\/www.archivio-affarinternazionali.it\/archivio\/wp-content\/uploads\/2020\/08\/Conference-banner-125x46.jpg 125w, https:\/\/www.archivio-affarinternazionali.it\/archivio\/wp-content\/uploads\/2020\/08\/Conference-banner.jpg 1920w\" sizes=\"(max-width: 300px) 100vw, 300px\" \/>In questa direzione si \u00e8 mossa ad esempio la web conference internazionale &#8220;<a href=\"https:\/\/www.unido.org\/news\/women-industry-and-innovation-virtual-conference\" target=\"_blank\" rel=\"noopener\"><strong>Women in Industry and Innovation<\/strong><\/a>&#8220;, organizzata dall&#8217;<strong>Unido<\/strong>\u00a0(l&#8217;Organizzazione delle Nazioni Unite per lo Sviluppo Industriale) insieme a <strong>UN Women<\/strong>, <strong>Fao<\/strong>\u00a0e al <strong>governo Italiano<\/strong>.<\/p>\n<p>Tra il 15 e il 17 luglio, la conferenza ha raggiunto pi\u00f9 di 130 Paesi e il programma ha incluso discussioni a tema sull&#8217;<strong>affermazione femminile<\/strong> nell&#8217;<em>agribusiness<\/em>, nella tecnologia e nell\u2019economia circolare.<\/p>\n<p>I 56 speaker della conferenza sono stati tutti concordi nel ritenere che la disuguaglianza di genere in questi settori non solo sia ingiusta, ma stia anche esponendo il pianeta e l&#8217;umanit\u00e0 a sfide sempre pi\u00f9 ingestibili.<\/p>\n<p><strong>Quanto costa discriminare le donne in Europa<br \/>\n<\/strong>In rappresentanza della Commissione Europea <strong>Signe Ratso<\/strong> ha spiegato che pi\u00f9 donne nel settore digitale potrebbero creare un <strong>incremento di ben 16 miliardi di euro all&#8217;anno di Pil<\/strong>, a vantaggio dell&#8217;intera Unione.<\/p>\n<p>Al momento nei settori scientifici e tecnologici le donne restano in minoranza, a causa soprattutto di una serie di fattori culturali e sociali rilevati anche dal\u00a0<a href=\"https:\/\/www.eunews.it\/2018\/09\/24\/la-parita-genere-nel-digitale-ci-16-miliardi-piu-pil-dellue\/109177\" target=\"_blank\" rel=\"noopener\"><strong>Comitato economico e sociale europeo<\/strong><\/a> (Cese).<\/p>\n<p>Ci sono in realt\u00e0 moltissimi talenti femminili nella tecnologia e alcuni di loro hanno preso parte alla Conferenza dell&#8217;Unido, promuovendo un nuovo modello di economia globale e inclusiva.<\/p>\n<p><strong>Etica come un fattore economico<br \/>\n<\/strong><strong>Mona Itani<\/strong>, ingegnere e fondatrice di Riyada for Innovation, forma tecnologicamente moltissimi giovani allo scopo di creare una nuova generazione di innovatori socialmente responsabili.<\/p>\n<p><strong>Megan Reilly Cayten<\/strong> si occupa di temi ambientali ed \u00e8 una consulente sulle risorse sostenibili per investitori e imprese, che guida verso modelli di business che non contribuiscano alla catastrofe ecologica.<\/p>\n<p><strong>Amel Saidane<\/strong>, esperta di innovazione e leader responsabile della Fondazione Bmw, ritiene che l&#8217;approccio pi\u00f9 multidimensionale che sequenziale delle imprenditrici sia particolarmente adatto alla rivoluzione digitale, che sar\u00e0 sempre pi\u00f9 legata a organizzazioni orizzontali e fluide.<\/p>\n<p><strong>Liat Shentser<\/strong>, che guida l&#8217;espansione della multinazionale Cisco a livello mondiale ed \u00e8 la prima donna ad aver fatto parte del relativo team dirigenziale di ingegneria virtuale globale fa un ragionamento analogo, legandolo all&#8217;intelligenza emotiva.<\/p>\n<p><strong>Lisa Di Sevo<\/strong>,\u00a0presidente della no-profit SheTech, dal 2016 ha gi\u00e0 raccolto 45 milioni di euro.<\/p>\n<p>Che si debba far leva sulla &#8220;<b>convenienza dell&#8217;equit\u00e0<\/b>&#8221; pu\u00f2 sembrare e di fatto \u00e8 molto triste, ma il pragmatismo \u00e8 indispensabile in una fase storica che rischia di rendere pi\u00f9 difficile la vita di tutti e disperata quella di chi \u00e8 gi\u00e0 marginalizzato.Potrebbe dunque non essere sbagliato indicare nella tutela dei diritti e del pianeta anche un indifferibile bisogno economico, oltre che un imperativo etico.<\/p>\n<p><strong>Come ci comporteremo quando tutto sar\u00e0 finito?<br \/>\n<\/strong>In realt\u00e0 per risolvere il problema del gender gap bisognerebbe partire da questa crisi, pi\u00f9 che fare buoni propositi per il futuro.\u00a0Le <a href=\"https:\/\/www.archivio-affarinternazionali.it\/archivio\/2020\/06\/difesa-e-promozione-dei-diritti-fondamentali-delle-donne\/\" target=\"_blank\" rel=\"noopener\"><strong>donne<\/strong><\/a> non dovrebbero essere escluse dalla ripresa, cominciando dalla reale accessibilit\u00e0 dei pacchetti di soccorso finanziario stanziati durante il Covid-19.<\/p>\n<p>Si dovrebbero poi utilizzare i cosiddetti &#8220;<strong>dati disaggregati per genere<\/strong>&#8221; per monitorare i progressi di un Paese, allo scopo di comprendere meglio la situazione reale di una societ\u00e0, fotografata nelle sue disuguaglianze effettive.\u00a0Si dovrebbe, infine, <strong>includere il contributo femminile nei processi decisionali<\/strong>, perch\u00e9 non esiste uguaglianza senza rappresentativit\u00e0.<\/p>\n<p>Oltre a ripagare con la moneta dell&#8217;emarginazione chi \u00e8 in prima linea nella lotta al virus ed \u00e8 spesso maggiormente esposto al rischio del contagio, come accade alle <a href=\"https:\/\/data.unwomen.org\/resources\/covid-19-emerging-gender-data-and-why-it-matters\">donne che operano nei settori sanitari e socio-sanitari<\/a>, l&#8217;umanit\u00e0 sta rinunciando, di fatto, al supporto di met\u00e0 della popolazione mondiale.<\/p>\n<p>Ed \u00e8 questo il messaggio di luglio delle Nazioni Unite. Provare a invertire la tendenza significa andare verso il futuro e quindi verso <strong>nuove soluzioni, risorse e opportunit\u00e0 per tutti<\/strong>, uomini e donne.<\/p>\n","protected":false},"excerpt":{"rendered":"<p>La crisi globale causata dal Covid-19 sta aggravando contraddizioni sistemiche e disuguaglianze preesistenti.\u00a0Con la pandemia, sta per esempio peggiorando una forma di discriminazione che da sempre colpisce la met\u00e0 della popolazione mondiale: quella di genere. In una recessione economica che alcuni hanno definito la peggiore degli ultimi cento anni, e che di sicuro affligge tutti [&hellip;]<\/p>\n","protected":false},"author":39,"featured_media":83459,"comment_status":"closed","ping_status":"closed","sticky":false,"template":"","format":"standard","meta":{"footnotes":""},"categories":[9],"tags":[2077,722,151,96,103],"_links":{"self":[{"href":"https:\/\/www.archivio-affarinternazionali.it\/archivio\/wp-json\/wp\/v2\/posts\/83443"}],"collection":[{"href":"https:\/\/www.archivio-affarinternazionali.it\/archivio\/wp-json\/wp\/v2\/posts"}],"about":[{"href":"https:\/\/www.archivio-affarinternazionali.it\/archivio\/wp-json\/wp\/v2\/types\/post"}],"author":[{"embeddable":true,"href":"https:\/\/www.archivio-affarinternazionali.it\/archivio\/wp-json\/wp\/v2\/users\/39"}],"replies":[{"embeddable":true,"href":"https:\/\/www.archivio-affarinternazionali.it\/archivio\/wp-json\/wp\/v2\/comments?post=83443"}],"version-history":[{"count":2,"href":"https:\/\/www.archivio-affarinternazionali.it\/archivio\/wp-json\/wp\/v2\/posts\/83443\/revisions"}],"predecessor-version":[{"id":83460,"href":"https:\/\/www.archivio-affarinternazionali.it\/archivio\/wp-json\/wp\/v2\/posts\/83443\/revisions\/83460"}],"wp:featuredmedia":[{"embeddable":true,"href":"https:\/\/www.archivio-affarinternazionali.it\/archivio\/wp-json\/wp\/v2\/media\/83459"}],"wp:attachment":[{"href":"https:\/\/www.archivio-affarinternazionali.it\/archivio\/wp-json\/wp\/v2\/media?parent=83443"}],"wp:term":[{"taxonomy":"category","embeddable":true,"href":"https:\/\/www.archivio-affarinternazionali.it\/archivio\/wp-json\/wp\/v2\/categories?post=83443"},{"taxonomy":"post_tag","embeddable":true,"href":"https:\/\/www.archivio-affarinternazionali.it\/archivio\/wp-json\/wp\/v2\/tags?post=83443"}],"curies":[{"name":"wp","href":"https:\/\/api.w.org\/{rel}","templated":true}]}}