{"id":84533,"date":"2020-10-04T08:00:11","date_gmt":"2020-10-04T06:00:11","guid":{"rendered":"https:\/\/www.archivio-affarinternazionali.it\/archivio\/?p=84533"},"modified":"2020-10-04T13:10:48","modified_gmt":"2020-10-04T11:10:48","slug":"il-kuwait-ha-un-nuovo-emiro-ma-gia-cerca-un-erede","status":"publish","type":"post","link":"https:\/\/www.archivio-affarinternazionali.it\/archivio\/2020\/10\/il-kuwait-ha-un-nuovo-emiro-ma-gia-cerca-un-erede\/","title":{"rendered":"Il Kuwait ha un nuovo emiro ma gi\u00e0 cerca un erede"},"content":{"rendered":"<p>Con la morte del 91enne emiro del <strong>Kuwait<\/strong>, <strong>Shaykh Sabah al-Ahmed Al-Sabah<\/strong>, scomparso negli Stati Uniti lo scorso 29 settembre, <strong>si chiude davvero un&#8217;era nel Golfo<\/strong>: nessuno degli attuali sovrani era in carica quando venne fondato, nel 1981, il <strong>Consiglio di cooperazione del Golfo (Ccg)<\/strong>.<\/p>\n<p>La notizia non giunge improvvisa: <strong>le condizioni di salute dell&#8217;emiro si erano aggravate<\/strong> costringendolo a due ricoveri oltreoceano in un anno. Come in <a href=\"https:\/\/www.archivio-affarinternazionali.it\/archivio\/2020\/08\/svolta-in-oman-meno-deleghe-per-il-sultano-piu-familiari-al-governo\/\" target=\"_blank\" rel=\"noopener\"><strong>Oman<\/strong><\/a>, la successione \u00e8 stata quindi morbida poich\u00e9 preparata: il <strong>nuovo emiro<\/strong> \u00e8 il principe ereditario gi\u00e0 nominato dal defunto sovrano, l&#8217;83enne fratellastro <strong>Shaykh Nawaf al-Ahmed Al-Sabah<\/strong>, che da luglio fungeva da reggente. Proprio l&#8217;<strong>et\u00e0 avanzata<\/strong> del neo-emiro\u00a0sposta l&#8217;attenzione sulla nomina del <strong>nuovo principe ereditario<\/strong>: ci\u00f2 potrebbe riaprire i dissidi nella famiglia, sebbene il nome debba poi essere approvato a maggioranza dall\u2019Assemblea nazionale.<\/p>\n<p>Nelle <strong>monarchie del Golfo<\/strong>, il cambio di leadership s&#8217;impone, spinto da ragioni anagrafiche: il sovrano politicamente pi\u00f9 longevo dell&#8217;area Ccg \u00e8 ora il 70enne re del Bahrein, <strong>Hamad bin Isa Al-Khalifa<\/strong>, in carica dal 1999 e, <strong>negli ultimi sette anni, sono cambiati ben quattro sovrani su sei<\/strong>, tra un&#8217;abdicazione e tre decessi (Qatar, Arabia Saudita, Oman, Kuwait). Un dato che in parte spiega perch\u00e9 l&#8217;<a href=\"https:\/\/www.archivio-affarinternazionali.it\/archivio\/2020\/09\/accordo-di-abramo-trump-festeggia-ma-la-palestina-quasi-non-compare\/\" target=\"_blank\" rel=\"noopener\"><strong>apertura politica verso Israele<\/strong><\/a> non sia pi\u00f9 un tab\u00f9, nonostante persistano cautele e resistenze (su tutti proprio il Kuwait): la quarta e ultima guerra arabo-israeliana fu combattuta nel 1973.<\/p>\n<p>In un <strong>Medio Oriente in rapidissima trasformazione<\/strong> &#8211; in cui crescono i nazionalismi e si riduce il gi\u00e0 sgualcito senso di solidariet\u00e0 tra arabi\u00a0&#8211; nuove classi dirigenti guardano con gli occhi della strategia alla <strong>questione israelo-palestinese<\/strong> e, un po&#8217; meno, con quelli della <a href=\"https:\/\/www.avvenire.it\/opinioni\/pagine\/emirati-arabi-uniti-la-strategia\" target=\"_blank\" rel=\"noopener\"><strong>storia<\/strong><\/a>.<\/p>\n<p><strong>Profilo e sfide del nuovo emiro<br \/>\n<\/strong>Emiro dal 2006, Shaykh Sabah, gi\u00e0 ministro degli Esteri e poi primo ministro (1963-2003), aveva <strong>grandi doti diplomatiche<\/strong>: <strong>la mediazione kuwaitiana, pi\u00f9 formale di quella omanita, \u00e8 l&#8217;unica riconosciuta nella disputa fra Arabia-Emirati-Bahrein e Qatar<\/strong>. Il Kuwait ospit\u00f2 i colloqui Onu per lo <strong>Yemen<\/strong> (2016), organizz\u00f2 una conferenza per la ricostruzione dell\u2019<strong>Iraq<\/strong> (2018) e ha sempre sostenuto il <strong>dialogo con l&#8217;Iran<\/strong>.<\/p>\n<p>Ora Shaykh Nawaf, politico di lunga esperienza, dovrebbe porsi in sostanziale <strong>continuit\u00e0<\/strong> con il suo predecessore, soprattutto in <strong>politica estera<\/strong>: gi\u00e0 ministro di Interni e Difesa, il nuovo emiro \u00e8 stato anche vicecapo della Guardia Nazionale, organo militare d\u2019\u00e9lite.<\/p>\n<p>Lo speaker dell&#8217;Assemblea parlamentare, <strong>Marzouq Al Ghanim<\/strong>, ha dichiarato, durante la cerimonia di insediamento, che Shaykh Sabah garant\u00ec la \u201csicurezza\u201d del Kuwait in una regione conflittuale, mentre Shaykh Nawaf lo guider\u00e0 alla &#8220;<a href=\"https:\/\/www.thenational.ae\/world\/gcc\/kuwait-s-emir-nawaf-al-sabah-takes-oath-in-parliament-1.1085871\" target=\"_blank\" rel=\"noopener\"><strong>prosperit\u00e0<\/strong><\/a>&#8220;.\u00a0Ma l&#8217;espressione-chiave, pronunciata anche in Parlamento, \u00e8 invece &#8220;<strong>lotta alla corruzione<\/strong>&#8220;, il tema pi\u00f9 sentito dai kuwaitiani che voteranno per le elezioni legislative entro il 2020. Gi\u00e0 durante le rivolte arabe del 2011, in centinaia manifestarono contro il governo accusato di corruzione dopo i molti scandali per inchieste e tangenti, arrivando persino a sfidare la repressione della polizia assaltando il Parlamento al <a href=\"https:\/\/www.bbc.com\/news\/world-middle-east-15768027\" target=\"_blank\" rel=\"noopener\">grido di \u201centriamo nella casa popolare&#8221;<\/a>.<\/p>\n<p><strong>Principe ereditario cercasi<br \/>\n<\/strong>Come per re Salman in Arabia Saudita (oggi 85 anni, in carica dal 2015), il regno di Shaykh Nawaf potrebbe essere di <strong>transizione fra l\u2019\u00e9lite che ha guidato il Paese negli ultimi decenni e una generazione pi\u00f9 giovane<\/strong>. La figura pi\u00f9 chiacchierata della politica kuwaitiana \u00e8 uno dei due figli del defunto emiro, <strong>Nasser Sabah al-Ahmed Al-Sabah<\/strong>, 72 anni, gi\u00e0 ministro della Difesa e vice primo ministro.<\/p>\n<p>Uomo dell&#8217;<em>establishment<\/em> capace di cavalcare il sentimento anti-Palazzo, Nasser guida gli <strong>sforzi di diversificazione economica dell&#8217;emirato<\/strong> (&#8220;Vision 2035&#8221;): per profilo, temperamento politico e mega-progetti, somiglia al principe ereditario saudita Mohammed bin Salman Al Saud.\u00a0Ma per il ruolo di principe ereditario sono in corsa anche l&#8217;ex primo ministro <strong>Shaykh Nasser al-Mohammed<\/strong> (79 anni) e il vicecapo della Guardia Nazionale <strong>Shaykh Meshaal al-Ahmad<\/strong> (81 anni).<\/p>\n<p><strong>Settarismo contro gli stranieri<br \/>\n<\/strong>Le prossime elezioni legislative diranno qualcosa in pi\u00f9 circa gli umori profondi dei kuwaitiani: le ultime tornate sono state boicottate da alcune societ\u00e0 politiche (<strong>i partiti sono vietati in tutto il Ccg<\/strong>) e hanno premiato molti candidati indipendenti.<\/p>\n<p>Nonostante la compresenza di sunniti e sciiti (il 30% della popolazione), il settarismo non \u00e8 al momento un fattore di scontro, anche se perdurano le disuguaglianze.\u00a0La principale societ\u00e0 politica sciita, la <strong><em>National Islamic Alliance<\/em><\/strong>, \u00e8 su posizioni pragmatiche e filo-governative. Dopo l&#8217;attacco del sedicente Stato Islamico alla moschea sciita Imam Sadeq della capitale (27 morti), nel 2015, fu proprio l&#8217;emiro a recarsi l\u00ec in segno di unit\u00e0 nazionale. Dall&#8217;altro lato, l&#8217;<strong><em>Islamic Constitutional Movement<\/em><\/strong>, braccio politico della Fratellanza Musulmana dal 1991, punta ormai a riforme politiche e contrasto alla corruzione, attirando nella propria orbita anche il segmento pi\u00f9 attivo dei salafiti.<\/p>\n<p>Piuttosto, la nuova linea di faglia \u00e8 diventata quella tra <strong>nazionali<\/strong> (30%) e <strong>residenti stranieri<\/strong> (gli <em>expatriates<\/em>, quasi il 70% della popolazione totale). Infatti, la discesa del prezzo del petrolio e la crisi legata a Covid-19 ha acuito l&#8217;<strong>insofferenza di molti kuwaitiani verso i lavoratori stranieri<\/strong>, soprattutto asiatici, necessari fin qui per il settore privato: proprio nei loro affollati complessi residenziali \u00e8 dilagata l&#8217;infezione da coronavirus. L&#8217;Assemblea Nazionale studia <strong>quote per i lavoratori stranieri<\/strong> (la comunit\u00e0 indiana non dovr\u00e0 eccedere il 15% della popolazione secondo un progetto di legge gi\u00e0 approvato in commissione) e il primo ministro ha dichiarato che gli <strong><em>expatriates<\/em> non dovrebbero essere pi\u00f9 del 30%<\/strong> degli abitanti del Kuwait. Cos\u00ec, lotta alla corruzione e rapporto con gli stranieri sono oggi il fulcro del dibattito pubblico.<\/p>\n<p><b>Rapporti con Israele<br \/>\n<\/b>Il Kuwait &#8220;sar\u00e0 l&#8217;<a href=\"https:\/\/www.timesofisrael.com\/kuwaiti-officials-reject-israel-normalization-reaffirm-support-for-palestinians\/\" target=\"_blank\" rel=\"noopener\"><strong>ultimo Paese a normalizzare le relazioni diplomatiche con Israele<\/strong><\/a>&#8220;, virgolettava giorni fa il quotidiano kuwaitiano al-Qabas citando un insider. Il piccolo emirato accolse molti <strong>palestinesi<\/strong> negli anni Sessanta e Settanta, espulsi a migliaia dopo l&#8217;invasione da parte dell&#8217;Iraq (1990) poich\u00e9 <strong>Yasser Arafat<\/strong> si schier\u00f2 con Saddam Hussein: oggi ne rimarrebbero circa <strong>70 mila<\/strong>.<\/p>\n<p>Con un Parlamento e una societ\u00e0 civile organizzata, Kuwait City ha interesse, anche con un nuovo emiro, a <strong>procrastinare il pi\u00f9 possibile l&#8217;eventuale normalizzazione<\/strong>: 37 parlamentari hanno gi\u00e0 firmato affinch\u00e9 il governo rigetti l&#8217;accordo tra Emirati Arabi Uniti e Israele.<\/p>\n<p>Per organizzazione istituzionale e societ\u00e0 civile, <strong>solo il Bahrein \u00e8 secondo al Kuwait<\/strong>: ma a differenza di quest&#8217;ultimo, il Bahrein a maggioranza sciita dipende per finanze e sicurezza dall&#8217;Arabia Saudita, dunque non pu\u00f2 esprimere una politica autonoma ma solo il riflesso della linea saudita. Proprio quell&#8217;autonomia, pur nella salda alleanza con Riyadh, che il nuovo emiro del Kuwait \u00e8 chiamato a confermare.<\/p>\n","protected":false},"excerpt":{"rendered":"<p>Con la morte del 91enne emiro del Kuwait, Shaykh Sabah al-Ahmed Al-Sabah, scomparso negli Stati Uniti lo scorso 29 settembre, si chiude davvero un&#8217;era nel Golfo: nessuno degli attuali sovrani era in carica quando venne fondato, nel 1981, il Consiglio di cooperazione del Golfo (Ccg). La notizia non giunge improvvisa: le condizioni di salute dell&#8217;emiro [&hellip;]<\/p>\n","protected":false},"author":39,"featured_media":84565,"comment_status":"closed","ping_status":"closed","sticky":false,"template":"","format":"standard","meta":{"footnotes":""},"categories":[9],"tags":[404,606,2522,416,436,95,190,1098,471,2524,2523],"_links":{"self":[{"href":"https:\/\/www.archivio-affarinternazionali.it\/archivio\/wp-json\/wp\/v2\/posts\/84533"}],"collection":[{"href":"https:\/\/www.archivio-affarinternazionali.it\/archivio\/wp-json\/wp\/v2\/posts"}],"about":[{"href":"https:\/\/www.archivio-affarinternazionali.it\/archivio\/wp-json\/wp\/v2\/types\/post"}],"author":[{"embeddable":true,"href":"https:\/\/www.archivio-affarinternazionali.it\/archivio\/wp-json\/wp\/v2\/users\/39"}],"replies":[{"embeddable":true,"href":"https:\/\/www.archivio-affarinternazionali.it\/archivio\/wp-json\/wp\/v2\/comments?post=84533"}],"version-history":[{"count":6,"href":"https:\/\/www.archivio-affarinternazionali.it\/archivio\/wp-json\/wp\/v2\/posts\/84533\/revisions"}],"predecessor-version":[{"id":84614,"href":"https:\/\/www.archivio-affarinternazionali.it\/archivio\/wp-json\/wp\/v2\/posts\/84533\/revisions\/84614"}],"wp:featuredmedia":[{"embeddable":true,"href":"https:\/\/www.archivio-affarinternazionali.it\/archivio\/wp-json\/wp\/v2\/media\/84565"}],"wp:attachment":[{"href":"https:\/\/www.archivio-affarinternazionali.it\/archivio\/wp-json\/wp\/v2\/media?parent=84533"}],"wp:term":[{"taxonomy":"category","embeddable":true,"href":"https:\/\/www.archivio-affarinternazionali.it\/archivio\/wp-json\/wp\/v2\/categories?post=84533"},{"taxonomy":"post_tag","embeddable":true,"href":"https:\/\/www.archivio-affarinternazionali.it\/archivio\/wp-json\/wp\/v2\/tags?post=84533"}],"curies":[{"name":"wp","href":"https:\/\/api.w.org\/{rel}","templated":true}]}}