{"id":84537,"date":"2020-10-02T00:03:31","date_gmt":"2020-10-01T22:03:31","guid":{"rendered":"https:\/\/www.archivio-affarinternazionali.it\/archivio\/?p=84537"},"modified":"2020-10-02T00:08:25","modified_gmt":"2020-10-01T22:08:25","slug":"il-referendum-in-nuova-caledonia-sara-una-fotocopia-del-2018","status":"publish","type":"post","link":"https:\/\/www.archivio-affarinternazionali.it\/archivio\/2020\/10\/il-referendum-in-nuova-caledonia-sara-una-fotocopia-del-2018\/","title":{"rendered":"Il referendum in Nuova Caledonia sar\u00e0 una fotocopia del 2018?"},"content":{"rendered":"<p class=\"Corpo\">Il 4 ottobre la<strong> Nuova Caledonia andr\u00e0 al voto per decidere sull\u2019indipendenza dalla Francia<\/strong>. Attualmente il Paese \u00e8 a tutti gli effetti territorio francese, essendo questo classificato come un Collettivit\u00e0 d&#8217;Oltremare <em>sui generis<\/em>. Il voto arriva a due anni da un <a href=\"https:\/\/www.archivio-affarinternazionali.it\/archivio\/blogpost\/nuova-caledonia-referendum-francia\/\" target=\"_blank\" rel=\"noopener\">precedente referendum svoltosi nel 2018 in rispetto degli <strong>Accordi di Noumea<\/strong><\/a>, patti siglati tra Parigi e la Nuova Caledonia nel 1998 per gestire la relazione tra i due Paesi. In questa occasione il no aveva trionfato con il <b>56,4%<\/b>, mantenendo dunque l\u2019arcipelago all\u2019interno della<b> sfera di influenza francese.<\/b> Secondo il trattato per\u00f2 le forze indipendentiste hanno il diritto ad altri due referendum in caso di sconfitta, da celebrarsi ogni due anni. Questo voto \u00e8 dunque il secondo di una serie che, se dovesse prevalere nuovamente il no, continuer\u00e0 nel 2022.<\/p>\n<p>La Nuova Caledonia ha una <strong>storia<\/strong> profondamente interconnessa con quella della Francia. Le truppe di Parigi infatti arrivarono nel <strong>1853<\/strong> quasi per caso, ma capendo l\u2019importanza dell\u2019arcipelago nella gestione del quadrante oceanico vi rimasero stabilmente. La posizione strategica delle isole a Nord Est dell\u2019Australia e a Sud Est dell\u2019Indonesia permettevano ai francesi un punto di appoggio e controllo nel Pacifico.<\/p>\n<p><strong>La popolazione dell&#8217;arcipelago<br \/>\n<\/strong>La popolazione si divide principalmente tra<b> Kanak <\/b>e<b> non Kanak<\/b>. I Kanak sono il gruppo etnico che discende dagli storici abitanti dell\u2019isola, gi\u00e0 presenti prima dei francesi. Questo gruppo, secondo l\u2019ultimo censimento del 2018, rappresenta circa il <b>40%<\/b> della popolazione, <b>La restante parte della popolazione \u00e8 formata<\/b> da circa un <b>30% di francesi<\/b> (o comunque provenienti dalla Francia) mentre il restante <b>30% \u00e8 un mix variopinto<\/b>: in parte vengono dalle isole minori Wallis e Futuna e in parte vengo dal Sud Est asiatico e dall\u2019Australia.<\/p>\n<p>L\u2019<b>aspetto demografico \u00e8 centrale, ma non il solo fattore importante nel quadro del voto.<\/b> La correlazione tra il fattore \u201cvoto per l\u2019indipendenza\u201d e quello di \u201cappartenere alla comunit\u00e0 Kanak\u201d \u00e8 molto forte. Nel 2018 circa <b>il 98% degli aventi diritto di voto della comunit\u00e0 Kanak hanno votato a favore dell\u2019indipendenza<\/b> e sono concentrati nel Nord dell\u2019isola. Questo stesso ragionamento <b>non vale invece per la componente non Kanak<\/b> della popolazione. In questo caso il discorso \u00e8 molto differente e si inserisce nel quadro economico dell\u2019arcipelago.<\/p>\n<p><b><strong>Il fattore economico<br \/>\n<\/strong><\/b>La Nuova Caledonia vive grazie a due fattori principalmente: il <b>nickel <\/b>e il<b> turismo.<\/b> L\u2019arcipelago gode infatti di una elevatissima presenza di giacimenti di nickel, \u00e8 stimato che circa il 25% delle risorse raggiungibili di questo metallo al mondo sia presente nell\u2019arcipelago, secondo solo alle concentrazioni dell\u2019Australia (30% ). <b>Le bellezze dell&#8217;isola <\/b>sono il secondo fattore di sviluppo principale. La capitale Numea \u00e8 una piccola citt\u00e0 francese sulle coste dell\u2019Oceano Pacifico dove migliaia di turisti ogni anno vanno a trascorrere le vacanze tra boutique di lusso e hotel a 5 stelle.<\/p>\n<p>Lo spaccato sull\u2019economia dell\u2019arcipelago \u00e8 funzionale a spiegare come si divide il voto sull\u2019indipendeza della parte della popolazione non Kanak. \u00c8 vero infatti che la <strong>fascia che vive pi\u00f9 legata alle presenze estere \u00e8 fortemente favorevole allo status di Territorio d\u2019oltre mare<\/strong><b>.<\/b> Questo principalmente perch\u00e9 i <strong>turisti<\/strong> sono facilitati dal venire nel Paese, ufficialmente territorio francese, dato che non necessitano di visti e portano grandi quantit\u00e0 di valuta estera. Proprio il massiccio flusso di entrata\u00a0 di euro attraverso il turismo facilita le relazioni locali della Nuova Caledonia, dato che pu\u00f2 prestare apprezzabili quantitativi di valuta europea ai Paesi vicini.<\/p>\n<p>Se da una parte la popolazione non Kanak inserita nell\u2019industria del turismo vuole poter rimanere nel giro della Francia, <b>quella che invece \u00e8 inserita nel mercato del nickel preferirebbe un\u2019indipendenza maggiore<\/b>. Nonostante gli accordi di Numea e Matignon, rispettivamente del 1998 e del 1988, hanno garantito grandi sacche di autonomia all\u2019arcipelago, questi \u00e8 tuttavia regolamentato secondo gli alti standard dell\u2019Unione europea. I membri dunque del settore minerario vorrebbero poterne uscire e poter abbassare gli standard qualtitativi offrendo cos\u00ec le risorse minerarie a compagnie asiatiche (cinesi e indonesiane) che potrebbero offrire guadagni molto pi\u00f9 sostanziosi.<\/p>\n<p>Dunque, se da un lato il voto pro indipendenza si intreccia con il passato coloniale e l\u2019identit\u00e0 locale \u00e8 allo stesso modo influenzato dalle <strong>questioni<\/strong> <strong>economiche<\/strong>, centrali per larga parte della popolazione.<\/p>\n<p class=\"Corpo\"><strong>Il sistema politico<br \/>\n<\/strong>Il sistema politico \u00e8<b> estremamente frastagliato <\/b>e variopinto con moltissimi piccoli partiti. La compagine pro indipendenza \u00e8 composta da pi\u00f9 di sei gruppi, ma non vi \u00e8 nessuno partito egemone. Le questioni principali su cui si dividono le formazioni oltre all\u2019indipendenza sono il posizionamento dell\u2019isola, che si trova ad un <strong>crocevia geopolitico tra Australia, Giappone, Cina, Stati Uniti e Francia<\/strong>.<\/p>\n<p>Alla luce di quanto detto, lo scenario pi\u00f9 probabile per il 4 ottobre \u00e8 difatti un<b> risultato uguale o molto simile a quello del 2018<\/b>. Dopo l\u2019ultimo voto si era parlato di una indipendenza particolarmente favorita visto l\u2019alto tasso di fertilit\u00e0 della popolazione Kanak rispetto agli altri gruppi. Questa previsione si \u00e8 invece rivelata falsa dato che le statistiche hanno poi dimostrato che questo dato si bilancia con la forte immigrazione.<\/p>\n<p><strong>Cosa dicono i sondaggi?<br \/>\n<\/strong>I sondaggi confermano questa tendenza che potrebbe far guadagnare qualche punto percentuale al fronte pro-indipendenza, ma sembra non poter ribaltare a proprio favore il voto. Il <strong>sostegno a rimanere Collettivit\u00e0 d\u2019oltremare\u00a0<em>sui generis<\/em> sembra ancora solido<\/strong>, soprattutto a Numea, nonostante sia meno radicato rispetto al passato. Nel 1988 quando si era celebrato il primo referendum, il 93% della popolazione aveva votato per rimanere attaccati a Parigi.<\/p>\n<p class=\"Corpo\">L\u2019indipendenza adesso \u00e8 pi\u00f9 a portata di mano, ma bisogna chiedersi se l\u2019arcipelago \u00e8 pronto a staccarsi dal cordone ombelicale europeo nel frangente cui la lunga mano cinese sembra allungarsi sul Pacifico e lo scudo americano sembra invece recedere.<\/p>\n<p><em>A cura di Emanuele Bobbio, fondatore e caporedattore Oceania de Lo Spiegone<\/em><\/p>\n<p><small>***<a href=\"https:\/\/lospiegone.com\/\" target=\"_blank\" rel=\"noopener\">Lo Spiegone<\/a>\u00a0\u00e8 un sito giornalistico fondato nel 2016 e formato da studenti universitari e giovani professionisti provenienti da tutta Italia e sparsi per il mondo con l\u2019obiettivo di spiegare con chiarezza le dinamiche che l\u2019informazione di massa tralascia quando riporta le notizie legate al mondo delle relazioni internazionali, della politica e dell\u2019economia.<\/small><\/p>\n","protected":false},"excerpt":{"rendered":"<p>Il 4 ottobre la Nuova Caledonia andr\u00e0 al voto per decidere sull\u2019indipendenza dalla Francia. Attualmente il Paese \u00e8 a tutti gli effetti territorio francese, essendo questo classificato come un Collettivit\u00e0 d&#8217;Oltremare sui generis. Il voto arriva a due anni da un precedente referendum svoltosi nel 2018 in rispetto degli Accordi di Noumea, patti siglati tra [&hellip;]<\/p>\n","protected":false},"author":39,"featured_media":84556,"comment_status":"closed","ping_status":"closed","sticky":false,"template":"","format":"standard","meta":{"footnotes":""},"categories":[9,2030],"tags":[87,561,2518,2517,2040,650,512],"_links":{"self":[{"href":"https:\/\/www.archivio-affarinternazionali.it\/archivio\/wp-json\/wp\/v2\/posts\/84537"}],"collection":[{"href":"https:\/\/www.archivio-affarinternazionali.it\/archivio\/wp-json\/wp\/v2\/posts"}],"about":[{"href":"https:\/\/www.archivio-affarinternazionali.it\/archivio\/wp-json\/wp\/v2\/types\/post"}],"author":[{"embeddable":true,"href":"https:\/\/www.archivio-affarinternazionali.it\/archivio\/wp-json\/wp\/v2\/users\/39"}],"replies":[{"embeddable":true,"href":"https:\/\/www.archivio-affarinternazionali.it\/archivio\/wp-json\/wp\/v2\/comments?post=84537"}],"version-history":[{"count":6,"href":"https:\/\/www.archivio-affarinternazionali.it\/archivio\/wp-json\/wp\/v2\/posts\/84537\/revisions"}],"predecessor-version":[{"id":84559,"href":"https:\/\/www.archivio-affarinternazionali.it\/archivio\/wp-json\/wp\/v2\/posts\/84537\/revisions\/84559"}],"wp:featuredmedia":[{"embeddable":true,"href":"https:\/\/www.archivio-affarinternazionali.it\/archivio\/wp-json\/wp\/v2\/media\/84556"}],"wp:attachment":[{"href":"https:\/\/www.archivio-affarinternazionali.it\/archivio\/wp-json\/wp\/v2\/media?parent=84537"}],"wp:term":[{"taxonomy":"category","embeddable":true,"href":"https:\/\/www.archivio-affarinternazionali.it\/archivio\/wp-json\/wp\/v2\/categories?post=84537"},{"taxonomy":"post_tag","embeddable":true,"href":"https:\/\/www.archivio-affarinternazionali.it\/archivio\/wp-json\/wp\/v2\/tags?post=84537"}],"curies":[{"name":"wp","href":"https:\/\/api.w.org\/{rel}","templated":true}]}}