{"id":84868,"date":"2020-11-15T17:50:50","date_gmt":"2020-11-15T16:50:50","guid":{"rendered":"https:\/\/www.archivio-affarinternazionali.it\/archivio\/?p=84868"},"modified":"2021-11-11T15:04:44","modified_gmt":"2021-11-11T14:04:44","slug":"la-tigre-e-il-drone-india-pizzati","status":"publish","type":"post","link":"https:\/\/www.archivio-affarinternazionali.it\/archivio\/2020\/11\/la-tigre-e-il-drone-india-pizzati\/","title":{"rendered":"&#8220;La tigre e il drone&#8221;: l&#8217;India raccontata da Carlo Pizzati"},"content":{"rendered":"<p>&#8220;<strong>La tigre e il drone<\/strong>&#8221; (Marsilio Editore, 2020), l\u2019ultimo, appassionante libro del giornalista e scrittore <strong>Carlo Pizzati<\/strong>, \u00e8 eloquente gi\u00e0 nel sottotitolo: &#8220;<strong>Il continente indiano fra divinit\u00e0 e robot, rivoluzioni e crisi climatiche<\/strong>&#8220;. All&#8217;autore abbiamo rivolto qualche domande per parlare di alcuni dei tanti spunti presenti nel volume che prova a fotografare, anche attraverso storie raccolte sul campo, la complessit\u00e0 di un Oriente molto pi\u00f9 sfumato dell&#8217;immagine (talvolta stereotipata) che ne abbiamo noi occidentali.<\/p>\n<p>&nbsp;<\/p>\n<p><strong>Perch\u00e9 ha scelto di raccontare l&#8217;<a href=\"https:\/\/www.archivio-affarinternazionali.it\/archivio\/2020\/03\/una-bomba-socioeconomica-per-il-subcontinente\/\" target=\"_blank\" rel=\"noopener\">India<\/a> soprattutto attraverso la religione, l&#8217;ambiente, i diritti civili, la tecnologia?<br \/>\n<\/strong>In questi <strong>dieci anni vissuti in Asia<\/strong> ho visto che questi sono i temi, oltre all&#8217;economia, che riguardano pi\u00f9 da vicino un grande numero di asiatici. I <a href=\"https:\/\/www.archivio-affarinternazionali.it\/archivio\/2019\/11\/india-ayodhya-hindu-musulmani\/\" target=\"_blank\" rel=\"noopener\"><strong>conflitti religiosi<\/strong><\/a> in India, <a href=\"https:\/\/www.archivio-affarinternazionali.it\/archivio\/2020\/11\/la-nuova-vittoria-di-aung-saan-suu-kyi-tra-rohingya-esercito-e-cina\/\" target=\"_blank\" rel=\"noopener\">Myanmar<\/a>, Bangladesh, Thailandia, Sri Lanka, Malesia e Indonesia circolano come un vortice attorno al Golfo del Bengala, zona colpita anche dal <strong>riscaldamento globale<\/strong> con alluvioni e siccit\u00e0 che creano nuove <strong>migrazioni<\/strong>. Tutto \u00e8 collegato, quindi l&#8217;inurbamento e l&#8217;inquinamento, oltre alle migrazioni spinte dall&#8217;intolleranza, generano violazioni dei <strong>diritti civili<\/strong>, in un circolo vizioso. In tutto ci\u00f2, le <strong>nuove tecnologie<\/strong> trasformano le societ\u00e0, a volte alleviando sofferenze, ma a volte come strumenti di repressione.<\/p>\n<p>&nbsp;<\/p>\n<p><strong>All&#8217;inizio del volume ricorda che la parola stessa, &#8220;orientale&#8221;, cambia a seconda di come e dove viene utilizzata. Ci spiega?<br \/>\n<\/strong>In Italia questa parola si trova anche sull&#8217;insalata al supermercato. Ma <strong>la divisione in &#8220;Occidente&#8221; e &#8220;Oriente&#8221; non ha pi\u00f9 molto senso<\/strong>. \u00c8 una pigrizia lessicale che offusca il nostro sguardo su sistemi ormai diversi da come li abbiamo percepiti. I Paesi che chiamavamo &#8220;in via di sviluppo&#8221; preferiscono chiamarsi &#8220;<strong>Sud globale&#8221;<\/strong>, il che fa di Europa, Stati Uniti, Canada, Australia e Nuova Zelanda il &#8220;<strong>Nord globale<\/strong>&#8220;. In America, il termine <em>oriental<\/em>, quando riferito alle persone, da alcuni \u00e8 considerato un insulto. Il governatore dello Stato di New York lo ha reso illegale sui documenti ufficiali, imitato dal presidente Obama a livello federale. &#8220;Oriente&#8221; \u00e8 una parola che nutre la stucchevole smania di esotismo, ma ci allontana dal comprendere la realt\u00e0 del presente asiatico. <strong>\u00a0<\/strong><\/p>\n<p>&nbsp;<\/p>\n<p><strong>Nel libro ha raccontato tante storie grazie ai viaggi compiuti in Asia nel corso degli anni. Quali di queste ritiene pi\u00f9 incisive nella narrazione di un Oriente ancora poco conosciuto?<br \/>\n<\/strong>Sono troppe. Per me la lezione pi\u00f9 importante \u00e8 stata quella di trovare una prospettiva flessibile basata sui fatti, piuttosto che su preconcetti ideologici o stereotipi ormai incrostati. In <strong>Corea del Sud<\/strong>, ho trovato illuminante la battaglia femminista contro le telecamere nascoste dai maniaci sessuali che ha riempito le piazze di manifestanti. Pensavo che ci\u00f2 sviasse da temi pi\u00f9 seri del #<em>metoo<\/em>, come le violenze sessuali. Ma incontrando scrittrici e analisti ho capito invece che quella campagna, in quel contesto, \u00e8 importante tanto quanto la lotta contro gli abusi del potere maschile in India. Ogni realt\u00e0 ha una declinazione diversa. \u00c8 utile essere <strong>adattabili<\/strong>, per poter interpretare al meglio. Fluidi come l&#8217;acqua, direbbero i manifestanti di <a href=\"https:\/\/www.archivio-affarinternazionali.it\/archivio\/2020\/07\/la-stretta-su-hong-kong-complica-le-relazioni-sino-americane\/\" target=\"_blank\" rel=\"noopener\"><strong>Hong Kong<\/strong><\/a>.<\/p>\n<p>&nbsp;<\/p>\n<p><strong><img loading=\"lazy\" decoding=\"async\" class=\"alignleft\" src=\"https:\/\/www.marsilioeditori.it\/\/images\/media\/libri\/2970699.jpg\" alt=\"La tigre e il drone \" width=\"175\" height=\"269\" \/>Fra i temi che tratta nel volume ci sono il cambiamento climatico e l&#8217;ambiente. Come e quanto il problema ambientale \u00e8 percepito nei diversi paesi asiatici?<br \/>\n<\/strong>Dipende da chi lo percepisce. I governi e le classi medie sono consapevoli del collegamento tra riscaldamento globale e danni ambientali. Le classi povere, che pagano il prezzo pi\u00f9 alto, sono preoccupate dalla sopravvivenza e spesso hanno difficolt\u00e0 ad articolare una critica quando si propone di aprire centrali di carbone. La <a href=\"https:\/\/www.archivio-affarinternazionali.it\/archivio\/2020\/06\/tra-india-e-cina-un-braccio-di-ferro-destinato-a-non-evolversi\/\" target=\"_blank\" rel=\"noopener\"><strong>Cina<\/strong><\/a> ha fatto passi avanti, l&#8217;<strong>India<\/strong> non \u00e8 ancora all\u2019altezza della sfida.<\/p>\n<p>&nbsp;<\/p>\n<p><strong>L&#8217;India \u00e8 la quinta potenza al mondo. Come ha reagito alla pandemia?<br \/>\n<\/strong>Male. Il governo ha annunciato un severo lockdown causando una rapida fuga dalle citt\u00e0 di centinaia di migliaia di migranti che, con un esodo distopico, hanno disseminato l&#8217;infezione nelle campagne. L&#8217;investimento nella salute pubblica \u00e8 troppo esiguo, la differenza nelle cure tra ospedali statali e privati \u00e8 criminale.<\/p>\n<p>&nbsp;<\/p>\n<p><strong>In che modo l&#8217;influenza europea si fa sentire nella &#8220;nuova&#8221; India?<br \/>\n<\/strong>Ne &#8220;La Tigre e il Drone&#8221; indago su un nuovo rapporto con l&#8217;Asia, guardando oltre il retaggio coloniale sempre pi\u00f9 sbiadito. Le influenze sono reciproche. Come Giuseppe Mazzini ha ispirato i nazionalismi asiatici del secolo scorso, cos\u00ec nel Nord globale siamo influenzati dal pensiero asiatico tramite filosofia, religioni e pratiche come lo yoga e la meditazione. Una distanza ancora da colmare \u00e8 un <strong>senso di armonia nella societ\u00e0<\/strong>. Ma in Asia, dove abbondava, inizia a sfilacciarsi. Mentre in Europa, dove sembra svanita, si pu\u00f2 forse ricomporre con il nome di fratellanza.<\/p>\n<p>&nbsp;<\/p>\n<p><strong>Il titolo &#8220;La tigre e il drone&#8221; fa riferimento a un capitolo in cui ci racconta come, nello stato del Maharashtra, si sia deciso di stanare la &#8220;mangiatrice di uomini&#8221; attraverso l&#8217;uso di un drone a lettura termica. Ci riassume i motivi di questa caccia?<br \/>\n<\/strong>I motivi sono che, spinti dalla povert\u00e0 e dalla sovrappopolazione, sempre pi\u00f9 agricoltori edificano abusivamente nelle riserve naturali. Si trovano quindi nel cammino degli animali selvatici. Non solo tigri, ma anche elefanti. Entrambi uccidono pi\u00f9 umani di quanto gli umani sopprimano queste specie protette. Nel caso delle &#8220;tigri mangiauomini&#8221;, si deve chiedere una &#8220;licenza di uccidere&#8221; speciale a un tribunale per poterle eliminare.<\/p>\n<p>&nbsp;<\/p>\n<p><strong>Nel libro sono presenti anche alcune mappe.<br \/>\n<\/strong>Ho sempre amato le mappe, che colleziono. Rappresentano la voglia di scoprire il mondo oltre i confini, il desiderio di comprendere il territorio iniziando dalla geografia. Ho proposto all&#8217;editore di illustrare il libro perch\u00e9 non tutti sanno dove sia l&#8217;Assam o l\u2019Uttarakhand. Le mappe indicano le <strong>tappe di un viaggio<\/strong> che inizia tra i pescatori in un\u2019isola indonesiana, sale verso il sub-continente, esplora il sud-est asiatico, per instradarsi verso l&#8217;Asia del Nord, Hong Kong, Seul, e terminare contemplando la Baia di Tokyo dall&#8217;alto di un grattacielo.<\/p>\n<p><small><em>Foto di copertina di EPA\/Rajat Gupta<\/em><small><\/p>\n","protected":false},"excerpt":{"rendered":"<p>&#8220;La tigre e il drone&#8221; (Marsilio Editore, 2020), l\u2019ultimo, appassionante libro del giornalista e scrittore Carlo Pizzati, \u00e8 eloquente gi\u00e0 nel sottotitolo: &#8220;Il continente indiano fra divinit\u00e0 e robot, rivoluzioni e crisi climatiche&#8220;. All&#8217;autore abbiamo rivolto qualche domande per parlare di alcuni dei tanti spunti presenti nel volume che prova a fotografare, anche attraverso storie [&hellip;]<\/p>\n","protected":false},"author":39,"featured_media":85467,"comment_status":"closed","ping_status":"closed","sticky":false,"template":"","format":"standard","meta":{"footnotes":""},"categories":[2028,9],"tags":[1669,77,2160,496,740,92,1648,958,2570,1517],"_links":{"self":[{"href":"https:\/\/www.archivio-affarinternazionali.it\/archivio\/wp-json\/wp\/v2\/posts\/84868"}],"collection":[{"href":"https:\/\/www.archivio-affarinternazionali.it\/archivio\/wp-json\/wp\/v2\/posts"}],"about":[{"href":"https:\/\/www.archivio-affarinternazionali.it\/archivio\/wp-json\/wp\/v2\/types\/post"}],"author":[{"embeddable":true,"href":"https:\/\/www.archivio-affarinternazionali.it\/archivio\/wp-json\/wp\/v2\/users\/39"}],"replies":[{"embeddable":true,"href":"https:\/\/www.archivio-affarinternazionali.it\/archivio\/wp-json\/wp\/v2\/comments?post=84868"}],"version-history":[{"count":7,"href":"https:\/\/www.archivio-affarinternazionali.it\/archivio\/wp-json\/wp\/v2\/posts\/84868\/revisions"}],"predecessor-version":[{"id":90392,"href":"https:\/\/www.archivio-affarinternazionali.it\/archivio\/wp-json\/wp\/v2\/posts\/84868\/revisions\/90392"}],"wp:featuredmedia":[{"embeddable":true,"href":"https:\/\/www.archivio-affarinternazionali.it\/archivio\/wp-json\/wp\/v2\/media\/85467"}],"wp:attachment":[{"href":"https:\/\/www.archivio-affarinternazionali.it\/archivio\/wp-json\/wp\/v2\/media?parent=84868"}],"wp:term":[{"taxonomy":"category","embeddable":true,"href":"https:\/\/www.archivio-affarinternazionali.it\/archivio\/wp-json\/wp\/v2\/categories?post=84868"},{"taxonomy":"post_tag","embeddable":true,"href":"https:\/\/www.archivio-affarinternazionali.it\/archivio\/wp-json\/wp\/v2\/tags?post=84868"}],"curies":[{"name":"wp","href":"https:\/\/api.w.org\/{rel}","templated":true}]}}