{"id":85324,"date":"2020-11-09T01:19:22","date_gmt":"2020-11-09T00:19:22","guid":{"rendered":"https:\/\/www.archivio-affarinternazionali.it\/archivio\/?p=85324"},"modified":"2020-11-09T01:21:26","modified_gmt":"2020-11-09T00:21:26","slug":"ricordando-yitzhak-rabin-25-anni-dopo-il-suo-assassinio","status":"publish","type":"post","link":"https:\/\/www.archivio-affarinternazionali.it\/archivio\/2020\/11\/ricordando-yitzhak-rabin-25-anni-dopo-il-suo-assassinio\/","title":{"rendered":"Ricordando Yitzhak Rabin 25 anni dopo il suo assassinio"},"content":{"rendered":"<p>L&#8217;<a href=\"https:\/\/www.rainews.it\/dl\/rainews\/media\/25-anni-fa-l-assassinio-di-Yitzhak-Rabin-0c6376f4-881f-4fe9-9839-3872a065981f.html#foto-1\" target=\"_blank\" rel=\"noopener\"><strong>assassinio di Yitzhak Rabin<\/strong><\/a>, <strong>p<\/strong><strong>rimo ministro di Israele<\/strong>, il <strong>4 novembre 1995<\/strong> fu un trauma enorme nella coscienza di s\u00e9 del Paese. Port\u00f2 alla superficie un sottofondo di fanatismo e di predicazione della violenza contro gli <a href=\"https:\/\/it.wikipedia.org\/wiki\/Accordi_di_Oslo\" target=\"_blank\" rel=\"noopener\"><strong>accordi di pace di Oslo<\/strong><\/a> firmati due anni prima dal governo di Israele e dall&#8217;Organizzazione per la liberazione della Palestina.<\/p>\n<p>Le radici di quell&#8217;azione omicida stavano in una <strong>perversione integralista dell&#8217;ebraismo<\/strong> che fa dei luoghi sacri e delle tombe degli avi oggetti di culto e nega il principio della spartizione della\u00a0 terra con non ebrei.<\/p>\n<p>In quei giorni nefasti Israele e gli ebrei del mondo scoprirono che l&#8217;integralismo &#8211; sottovalutato, coperto, anche dopo la strage di musulmani in preghiera nella moschea di Hebron nel 1994 da parte di un estremista ebreo americano &#8211; non era un prodotto esclusivo di altre religioni (Islam, induismo, fondamentalismo evangelico) ma corrompeva anche\u00a0 una parte del mondo ebraico fino al punto di arrogarsi il <strong>diritto-dovere di uccidere nel nome di Dio<\/strong>.<\/p>\n<p><strong>Radici ideologiche<br \/>\n<\/strong>L&#8217;ideologia del <strong>sionismo religioso<\/strong>, assolutamente minoritaria agli inizi dell&#8217;immigrazione ebraica in Palestina e nei primi anni di Israele fino agli anni Settanta, divenne importante\u00a0 come <strong>fenomeno politico-culturale<\/strong>, con un&#8217;impronta via via pi\u00f9 radical-nazionalista, sull&#8217;onda dell&#8217;euforia della vittoria nella guerra del &#8217;67 e della conquista dei luoghi sacri dell&#8217;ebraismo (Gerusalemme, Hebron).<\/p>\n<p>Essa ha offerto ai coloni che via via si insediarono nella <strong>Cisgiordania occupata<\/strong>, sollecitati in ci\u00f2 e protetti dai governi succedutisi al potere nel Paese, il <strong>fondamento teologico<\/strong> della loro azione. Combinando nazionalismo militante e integralismo religioso, quell&#8217;ideologia predica l&#8217;<strong>integrit\u00e0 e sacralit\u00e0 della terra di Israele biblica promessa da Dio agli ebrei e riservata al loro possesso esclusivo<\/strong>. Su questo credo il sionismo religioso fonda la sua opposizione a ogni compromesso politico con i palestinesi che comporti la spartizione di quella piccola terra contesa fra due popoli e la coesistenza di due Stati sovrani, Israele e Palestina.<\/p>\n<p>L&#8217;influenza che quell&#8217;ideologia, e i movimenti che a essa si ispirano, esercitano sulla societ\u00e0 e le sue istituzioni \u00e8 oggi imponente. Mentre gli &#8220;<strong>ultraortodossi<\/strong>&#8220;, pur in numero crescente per l&#8217;elevato tasso di fertilit\u00e0 &#8211; circa il 15% degli ebrei israeliani e il 12% della popolazione complessiva del Paese &#8211; sono distanti dalle istituzioni del Paese, in larga parte poveri e socialmente marginali, i &#8220;<strong>nazional-religiosi<\/strong>&#8221; sono pienamente integrati nel sistema di potere del Paese: nel Parlamento e nel governo , in posizioni eminenti nell\u2019esercito e di recente anche nella Corte suprema.<\/p>\n<p>Come lo scrittore Amos Oz profeticamente asseriva gi\u00e0 nel 1983 nel libro &#8220;<em>In terra di Israele<\/em>&#8220;: &#8220;dal punto di vista ebraico quella dei coloni \u00e8 una concezione integralista, semplicistica e monomane. Una concezione che tende a ridurre l&#8217;ebraismo a religione\u00a0soltanto, a ridurre la religione a culto e il culto a un unico oggetto: l&#8217;intera terra di Israele. Per me, il basare l&#8217;ebraismo su un solo aspetto significa retrocedere di molti passi&#8221;.<\/p>\n<p><strong>Estremismo ebraico in Cisgiordania<br \/>\n<\/strong>Figli e nipoti di quell&#8217;ideologia, spesso formatisi in scuole rabbiniche, popolano gli insediamenti pi\u00f9 militanti in Cisgiordania, si oppongono in forme anche violente allo sgombero di\u00a0 insediamenti edificati su terreni di propriet\u00e0 privata di palestinesi fino a reagire alle decisioni in tal senso della Corte suprema con <strong>spedizioni punitive contro i loro vicini palestinesi<\/strong>, estirpando ulivi, incendiando le loro case o profanando moschee.<\/p>\n<p>Gli <strong>stessi servizi di sicurezza israeliani<\/strong> hanno\u00a0esitato a lungo prima di risolversi a trattare la patologia maligna dell&#8217;estremismo ebraico come un pericolo per lo stato di diritto, i diritti umani e la democrazia in Israele. Solo dopo atti ripetuti di vandalismo contro luoghi di culto musulmani e cristiani e l&#8217;omicidio di una famiglia palestinese nell&#8217;estate del 2015, l&#8217;azione repressiva delle autorit\u00e0 si \u00e8 fatta pi\u00f9 energica. Nelle scorse settimane \u00e8 stata emanata la sentenza durissima contro gli assassini di allora.<\/p>\n<p><strong>Il pensiero di Rabin<br \/>\n<\/strong>Rabin comprese i<strong> limiti della forza militare<\/strong> e l&#8217;esigenza irrinunciabile di un <strong>compromesso per giungere alla pace<\/strong> con i vicini palestinesi e gli Stati arabi. Comprese appieno il legame fra sicurezza strategica per il suo paese e una condizione di pace e buon vicinato. Comprese che \u00e8 vano e autodistruttivo dominare e domare un altro popolo, cui sono negati i diritti nazionali e la legittima ambizione all&#8217;indipendenza.<\/p>\n<p>La filosofia ispiratrice degli accordi di Oslo del 1993 nasceva proprio dal riconoscere che il <strong>diritto degli israeliani alla pace<\/strong>, a un&#8217;esistenza finalmente legittima e sicura nel Medio Oriente, non poteva prescindere da <strong>quello dei palestinesi ad uno Stato indipendente<\/strong> degno di questo nome. Senza quel riconoscimento il conflitto non potr\u00e0 comporsi.<\/p>\n","protected":false},"excerpt":{"rendered":"<p>L&#8217;assassinio di Yitzhak Rabin, primo ministro di Israele, il 4 novembre 1995 fu un trauma enorme nella coscienza di s\u00e9 del Paese. Port\u00f2 alla superficie un sottofondo di fanatismo e di predicazione della violenza contro gli accordi di pace di Oslo firmati due anni prima dal governo di Israele e dall&#8217;Organizzazione per la liberazione della [&hellip;]<\/p>\n","protected":false},"author":39,"featured_media":85325,"comment_status":"closed","ping_status":"closed","sticky":false,"template":"","format":"standard","meta":{"footnotes":""},"categories":[9],"tags":[2373,95,115,1917,1517,932],"_links":{"self":[{"href":"https:\/\/www.archivio-affarinternazionali.it\/archivio\/wp-json\/wp\/v2\/posts\/85324"}],"collection":[{"href":"https:\/\/www.archivio-affarinternazionali.it\/archivio\/wp-json\/wp\/v2\/posts"}],"about":[{"href":"https:\/\/www.archivio-affarinternazionali.it\/archivio\/wp-json\/wp\/v2\/types\/post"}],"author":[{"embeddable":true,"href":"https:\/\/www.archivio-affarinternazionali.it\/archivio\/wp-json\/wp\/v2\/users\/39"}],"replies":[{"embeddable":true,"href":"https:\/\/www.archivio-affarinternazionali.it\/archivio\/wp-json\/wp\/v2\/comments?post=85324"}],"version-history":[{"count":3,"href":"https:\/\/www.archivio-affarinternazionali.it\/archivio\/wp-json\/wp\/v2\/posts\/85324\/revisions"}],"predecessor-version":[{"id":85331,"href":"https:\/\/www.archivio-affarinternazionali.it\/archivio\/wp-json\/wp\/v2\/posts\/85324\/revisions\/85331"}],"wp:featuredmedia":[{"embeddable":true,"href":"https:\/\/www.archivio-affarinternazionali.it\/archivio\/wp-json\/wp\/v2\/media\/85325"}],"wp:attachment":[{"href":"https:\/\/www.archivio-affarinternazionali.it\/archivio\/wp-json\/wp\/v2\/media?parent=85324"}],"wp:term":[{"taxonomy":"category","embeddable":true,"href":"https:\/\/www.archivio-affarinternazionali.it\/archivio\/wp-json\/wp\/v2\/categories?post=85324"},{"taxonomy":"post_tag","embeddable":true,"href":"https:\/\/www.archivio-affarinternazionali.it\/archivio\/wp-json\/wp\/v2\/tags?post=85324"}],"curies":[{"name":"wp","href":"https:\/\/api.w.org\/{rel}","templated":true}]}}