{"id":85354,"date":"2020-11-14T08:18:20","date_gmt":"2020-11-14T07:18:20","guid":{"rendered":"https:\/\/www.archivio-affarinternazionali.it\/archivio\/?p=85354"},"modified":"2020-12-08T01:06:11","modified_gmt":"2020-12-08T00:06:11","slug":"giappone-nel-segno-della-continuita-la-politica-di-difesa-del-nuovo-premier-suga","status":"publish","type":"post","link":"https:\/\/www.archivio-affarinternazionali.it\/archivio\/2020\/11\/giappone-nel-segno-della-continuita-la-politica-di-difesa-del-nuovo-premier-suga\/","title":{"rendered":"Giappone nel segno della continuit\u00e0: la politica di difesa del nuovo premier Suga"},"content":{"rendered":"<p>A seguito delle <a href=\"https:\/\/www.archivio-affarinternazionali.it\/archivio\/2020\/08\/abe-getta-la-spugna-dove-andra-adesso-il-giappone\/\" target=\"_blank\" rel=\"noopener\"><strong>dimissioni improvvise di Abe Shinzo<\/strong><\/a>, <strong>Suga Yoshihide<\/strong> \u00e8 diventato il nuovo primo ministro giapponese <em>ad interim. <\/em>A meno di elezioni generali anticipate &#8211; ritenute ancora uno scenario probabile &#8211; egli rimarr\u00e0 in carica fino a settembre 2021, scadenza naturale del mandato di Abe.<\/p>\n<p>In un momento di <strong>difficolt\u00e0 economica<\/strong> dovuta alla pandemia da Covid-19 e con l&#8217;organizzazione delle Olimpiadi di Tokyo 2021 all&#8217;orizzonte, il motivo principale che ha portato alla nomina di Suga \u00e8 la <strong>continuit\u00e0<\/strong>. Braccio destro di Abe &#8211; \u00e8 stato Capo di gabinetto dal 2012 &#8211; Suga \u00e8 considerato l&#8217;<strong>erede <\/strong>della linea economica, di politica estera e di difesa tenuta da Abe nei precedenti otto anni, e colui che avrebbe potuto offrire maggiore continuit\u00e0 e stabilit\u00e0 nel mondo politico ed economico giapponese.<\/p>\n<p>Guardando alla formazione del gabinetto Suga, questa aspettativa si \u00e8 rivelata fondata. Su un totale di venti membri, <strong>otto ministri dell&#8217;era Abe hanno conservato il loro ruolo<\/strong>\u00a0&#8211; come i leader di fazione Aso Taro e Nikai Toshihiro &#8211; e ad altri sette \u00e8 stato assegnato un nuovo incarico. Particolarmente rilevante \u00e8 stata la scelta di assegnare il ministero della Difesa a <strong>Kishi Nobuo<\/strong>, fratello minore di Abe. La politica di difesa \u00e8 uno degli ambiti che meglio <strong>esemplifica la continuit\u00e0 governativa e che pu\u00f2 far comprendere che direzione prender\u00e0 il Giappone di Suga<\/strong>.<\/p>\n<p><b>Il fratello di Abe<br \/>\n<\/b>Al suo primo incarico governativo, il neo ministro della difesa \u00e8 nipote di Kishi Nobusuke &#8211; una delle figure pi\u00f9 controverse del Giappone imperialista. Condivide con Abe l&#8217;appartenenza al <strong>Nippon Kaigi<\/strong>\u00a0(organizzazione politica giapponese maggiormente conservatrice e nazionalista), la <a href=\"https:\/\/www.archivio-affarinternazionali.it\/archivio\/2014\/08\/giappone-nuova-interpretazione-costituzionale-sulla-rinuncia-alla-guerra\/\" target=\"_blank\" rel=\"noopener\"><strong>volont\u00e0 di riformare l&#8217;articolo 9 della costituzione<\/strong><\/a> e le <strong>tesi nazionalistiche\u00a0<\/strong>sulle responsabilit\u00e0 storiche del Giappone imperialista. \u00c8 inoltre conosciuto per le sue posizioni vicine a Taiwan &#8211; si \u00e8 pi\u00f9 volte incontrato con i leader di Taipei &#8211; che naturalmente irritano Pechino.<\/p>\n<p>La nomina di Kishi segnala quindi che il Giappone di Suga \u00e8 interessato agli <strong>sviluppi domestici in Cina <\/strong>e alle dinamiche di <strong>sicurezza regionale<\/strong>. E&#8217; stato scelto con la convinzione che avrebbe <strong>gestito il dossier difesa in continuit\u00e0 con le politiche di Abe<\/strong>, che inevitabilmente continueranno a influenzare le relazioni di Tokyo con Pechino e Washington.<\/p>\n<p><strong>Budget e obiettivi di difesa<br \/>\n<\/strong>Nel proprio discorso inaugurale, Suga ha affermato di voler <strong>rafforzare l&#8217;alleanza con gli Stati Uniti<\/strong> e le <strong>capacit\u00e0 di difesa dell&#8217;interesse nazionale<\/strong>. In accordo con questi obiettivi, il ministero della difesa ha presentato una richiesta record di\u00a0<strong>5.49 trilioni<\/strong>\u00a0<strong>di Yen<\/strong> (USD 55 miliardi) per il budget dell&#8217;anno fiscale 2021. Tale richiesta si inserisce in una <a href=\"https:\/\/www.archivio-affarinternazionali.it\/archivio\/2018\/12\/giappone-armamenti-addio-pacifismo\/\" target=\"_blank\" rel=\"noopener\"><strong>tendenza settennale di aumento della spesa per la difesa<\/strong><\/a> e, se accordata, determinerebbe un aumento del 3.3% rispetto al 2020. Nonostante la cifra record, l&#8217;aumento \u00e8 relativamente modesto rispetto ai Paesi vicini (Cina +6.6% nel 2020; Corea del Sud + 6.1% nel 2021-2025; Taiwan +10.2% nel 2021).<\/p>\n<p>Il<strong> rafforzamento delle capacit\u00e0 in ambito spaziale, cyber-spaziale e guerra elettromagnetica<\/strong> emerge come una priorit\u00e0.\u00a0Sotto la guida di Abe, il Giappone \u00e8 diventato sempre pi\u00f9 sensibile alle <strong>minacce &#8220;non tradizionali&#8221;<\/strong>\u00a0a fronte della modernizzazione militare cinese e della <strong><a href=\"https:\/\/www.archivio-affarinternazionali.it\/archivio\/2019\/05\/corea-missili-tensioni-dopo-hanoi\/\" target=\"_blank\" rel=\"noopener\">minaccia nucleare della Corea del Nord<\/a><\/strong>. Per lungo tempo, il Giappone ha sostenuto che l&#8217;esplorazione spaziale dovesse essere condotta esclusivamente a fini pacifici. A fronte di un quadro geopolitico regionale sempre pi\u00f9 ostile, con l&#8217;entrata in vigore della <em>Basic Space Law<\/em> nel 2008, Tokyo ha tuttavia ampliato il raggio delle proprie attivit\u00e0 spaziali a <strong>questioni di sicurezza nazionale. <\/strong><\/p>\n<p>Cos\u00ec, il governo ha intensificato cooperazione e <em>intelligence sharing<\/em> in ambito spaziale con l&#8217;alleato statunitense sia per scopi civili &#8211; controllo meteorologico, prevenzione dei disastri naturali &#8211; che militari. Nel maggio 2019, \u00e8 stato creato lo <strong>Squadrone per le operazioni spaziali <\/strong>che ha l&#8217;obiettivo di proteggere e difendere i satelliti giapponesi. Pur essendo uno comparto non armato, la sua creazione ha ovviamente sollevato dei dubbi di costituzionalit\u00e0.<\/p>\n<p>Ora, il ministero di Kishi punta a creare un <strong>nuovo comparto delle forze di autodifesa<\/strong> per le operazioni elettroniche con l&#8217;obiettivo di bloccare gli attacchi nemici attraverso onde elettromagnetiche che, interferendo con i segnali radio e gps, sarebbero in grado di neutralizzare le truppe avversarie. Inoltre, il ministero vuole investire sullo sviluppo di missili a lungo raggio, di satelliti in grado di intercettare i missili e su un\u2019alternativa agli ormai datati jet F-2 per le Forze di autodifesa aree. Per la prima volta, i <strong>fondi per la ricerca e sviluppo in ambito spaziale e cyber-spaziale <\/strong>saranno incorporati nel budget di difesa.<\/p>\n<p>Infine, non \u00e8 ancora chiaro come verr\u00e0 gestita la questione del sistema di difesa missilistico <strong>Aegis-Ashore,<\/strong> che dovrebbe essere fornito dagli Stati Uniti. Sebbene nel giugno scorso il Giappone ne abbia messo in discussione l\u2019acquisto per una questione di costi, Aegis-Ashore potrebbe ancora tornare al tavolo delle trattative, anche in ragione di pressioni da parte statunitense.<\/p>\n<p>Come era stato preventivato, il Giappone di Suga ha mosso i primi passi nel solco tracciato dalla precedente amministrazione. Questo segnala che il Giappone continuer\u00e0 a rafforzare le proprie capacit\u00e0 di difesa in nuovi ambiti per rispondere a una situazione regionale sempre pi\u00f9 complessa. Al tempo stesso, significa che i <strong>camb<\/strong><strong>iamenti introdotti da Abe e l&#8217;introduzione di norme per la difesa in forte contrasto con la costituzione <\/strong>sono destinati definire il corso del Giappone anche negli anni a venire.<\/p>\n<p>***<\/p>\n<p><small><strong><a href=\"https:\/\/www.archivio-affarinternazionali.it\/archivio\/category\/news\/cara-ai-ti-scrivo\/\" target=\"_blank\" rel=\"noopener\">\u201cCara AI Ti Scrivo\u201d<\/a><\/strong>\u00a0\u00e8 la rubrica che offre ai pi\u00f9 giovani (studenti, laureandi, neolaureati e stagisti) la possibilit\u00e0 di cimentarsi con analisi e commenti sulla politica internazionale. Mandateci le vostre proposte:\u00a0<a href=\"mailto:affarinternazionali@iai.it\" target=\"_blank\" rel=\"noopener\">affarinternazionali@iai.it<\/a>.<\/small><\/p>\n","protected":false},"excerpt":{"rendered":"<p>A seguito delle dimissioni improvvise di Abe Shinzo, Suga Yoshihide \u00e8 diventato il nuovo primo ministro giapponese ad interim. A meno di elezioni generali anticipate &#8211; ritenute ancora uno scenario probabile &#8211; egli rimarr\u00e0 in carica fino a settembre 2021, scadenza naturale del mandato di Abe. In un momento di difficolt\u00e0 economica dovuta alla pandemia [&hellip;]<\/p>\n","protected":false},"author":39,"featured_media":85378,"comment_status":"closed","ping_status":"closed","sticky":false,"template":"","format":"standard","meta":{"footnotes":""},"categories":[2235,9],"tags":[603,77,82,117,2615,109],"_links":{"self":[{"href":"https:\/\/www.archivio-affarinternazionali.it\/archivio\/wp-json\/wp\/v2\/posts\/85354"}],"collection":[{"href":"https:\/\/www.archivio-affarinternazionali.it\/archivio\/wp-json\/wp\/v2\/posts"}],"about":[{"href":"https:\/\/www.archivio-affarinternazionali.it\/archivio\/wp-json\/wp\/v2\/types\/post"}],"author":[{"embeddable":true,"href":"https:\/\/www.archivio-affarinternazionali.it\/archivio\/wp-json\/wp\/v2\/users\/39"}],"replies":[{"embeddable":true,"href":"https:\/\/www.archivio-affarinternazionali.it\/archivio\/wp-json\/wp\/v2\/comments?post=85354"}],"version-history":[{"count":4,"href":"https:\/\/www.archivio-affarinternazionali.it\/archivio\/wp-json\/wp\/v2\/posts\/85354\/revisions"}],"predecessor-version":[{"id":85906,"href":"https:\/\/www.archivio-affarinternazionali.it\/archivio\/wp-json\/wp\/v2\/posts\/85354\/revisions\/85906"}],"wp:featuredmedia":[{"embeddable":true,"href":"https:\/\/www.archivio-affarinternazionali.it\/archivio\/wp-json\/wp\/v2\/media\/85378"}],"wp:attachment":[{"href":"https:\/\/www.archivio-affarinternazionali.it\/archivio\/wp-json\/wp\/v2\/media?parent=85354"}],"wp:term":[{"taxonomy":"category","embeddable":true,"href":"https:\/\/www.archivio-affarinternazionali.it\/archivio\/wp-json\/wp\/v2\/categories?post=85354"},{"taxonomy":"post_tag","embeddable":true,"href":"https:\/\/www.archivio-affarinternazionali.it\/archivio\/wp-json\/wp\/v2\/tags?post=85354"}],"curies":[{"name":"wp","href":"https:\/\/api.w.org\/{rel}","templated":true}]}}