{"id":85394,"date":"2020-11-14T08:29:18","date_gmt":"2020-11-14T07:29:18","guid":{"rendered":"https:\/\/www.archivio-affarinternazionali.it\/archivio\/?p=85394"},"modified":"2020-11-15T23:56:21","modified_gmt":"2020-11-15T22:56:21","slug":"riequilibrio-vicinanza-e-pragmatismo-biden-e-i-balcani","status":"publish","type":"post","link":"https:\/\/www.archivio-affarinternazionali.it\/archivio\/2020\/11\/riequilibrio-vicinanza-e-pragmatismo-biden-e-i-balcani\/","title":{"rendered":"Riequilibrio, vicinanza e pragmatismo: Biden e i Balcani"},"content":{"rendered":"<p>Seppur nel loro piccolo rispetto a temi di maggior rilevanza globale, i <strong>Balcani occidentali<\/strong> hanno giocato la loro parte nell&#8217;appena conclusasi <a href=\"https:\/\/www.archivio-affarinternazionali.it\/archivio\/2020\/11\/joe-biden-alla-casa-bianca\/\" target=\"_blank\" rel=\"noopener\"><strong>campagna elettorale statunitense<\/strong><\/a>. La pregressa &#8220;<strong>esperienza balcanica<\/strong>&#8221; accumulata nei suoi anni da senatore e da vicepresidente pu\u00f2 dare un&#8217;indicazione su come l&#8217;amministrazione guidata da <strong>Joe Biden<\/strong> si approccer\u00e0 verso le criticit\u00e0 ancora presenti in quella regione e il suo non facile cammino euro-atlantico.<\/p>\n<p>In campagna elettorale, era stato <strong>Donald Trump<\/strong> a giocare per primo la carta balcanica, spingendo sull&#8217;acceleratore dell&#8217;<strong><a href=\"https:\/\/www.archivio-affarinternazionali.it\/archivio\/2020\/09\/leuropa-puo-beneficiare-dalla-surreale-photo-opportunity-tra-serbia-e-kosovo-alla-casa-bianca\/\" target=\"_blank\" rel=\"noopener\">accordo firmato a Washington<\/a>\u00a0<\/strong>tra il presidente serbo <strong>Aleksandar Vu\u010di\u0107<\/strong> e il premier kosovaro <strong>Avdullah Hoti<\/strong>, una versione molto annacquata dell&#8217;intesa sullo <strong>scambio di territori tra Serbia e Kosovo<\/strong> poi tramontata con l\u2019uscita di scena per motivi giudiziari dell&#8217;ormai ex presidente kosovaro Hashim Tha\u00e7i.<\/p>\n<p><strong>La propaganda di Trump<\/strong><br \/>\nL&#8217;accordo puntava in principio alla normalizzazione economica, ma \u00e8 presto sfociato nella <strong>farsa<\/strong>, con poco chiari riferimenti alle relazioni dei due Paesi con <strong>Israele<\/strong> e il premier kosovaro che plaudiva all&#8217;iniziativa di <strong>Richard Grenell<\/strong>, rappresentante presidenziale per i rapporti tra Belgrado e Pristina, di rinominare il lago conteso al confine tra i due paesi (Ujman per i kosovari, Gazivoda per i serbi) <a href=\"https:\/\/twitter.com\/Avdullah\/status\/1309226844282118145\" target=\"_blank\" rel=\"noopener\"><strong>Lago Trump<\/strong><\/a>, cos\u00ec da suggellare un presunto piano per condividerne lo sfruttamento.<\/p>\n<p>Sia Trump sia Grenell hanno usato in vari comizi elettorali lo <strong>&#8220;storico accordo&#8221; tra Kosovo e Serbia<\/strong> per magnificare le doti di <em>peace-maker<\/em> del presidente. Trump ha pi\u00f9 volte dichiarato ai suoi fan come, grazie a lui, Kosovo e Serbia abbiano smesso di <a href=\"https:\/\/twitter.com\/i\/status\/1321275419291754505\" target=\"_blank\" rel=\"noopener\">&#8220;uccidersi a vicenda&#8221; come fatto negli ultimi &#8220;400 anni&#8221;<\/a>, con i leader dei due Paesi che si sarebbero \u201cabbracciati e baciati\u201d nello Studio Ovale dopo la firma degli accordi.<\/p>\n<p>Pi\u00f9 prosaicamente, Grenell ha cercato di <strong>raccogliere il voto della comunit\u00e0 serba negli Stati Uniti<\/strong> con vari appuntamenti elettorali organizzati dai comitati <em><a href=\"https:\/\/twitter.com\/SerbsFor\/status\/1319921882704072705\" target=\"_blank\" rel=\"noopener\">Serbs for Trump 2020<\/a><\/em> in citt\u00e0 dove \u00e8 pi\u00f9 forte la diaspora (tra cui Chicago, Milwaukee e Pittsburgh), accusando Biden di non avere alcuna considerazione per la Serbia e di voler riportare la situazione nei Balcani allo status quo precedente. Grenell ha anche fatto campagna elettorale nelle <strong>comunit\u00e0 albanesi<\/strong>, soprattutto a <a href=\"https:\/\/twitter.com\/nwarikoo\/status\/1322938078630236160\" target=\"_blank\" rel=\"noopener\">Detroit<\/a>, ma con meno enfasi e pubblicit\u00e0 rispetto a quanto fatto per i <strong>serbi d&#8217;America<\/strong>, nonostante gli albanesi siano storicamente tra le nazioni pi\u00f9 filo-Usa al mondo.<\/p>\n<p><strong>L&#8217;esperienza del democratico<\/strong><br \/>\nDal canto suo, Biden ha fatto tesoro della sua esperienza da combattivo senatore democratico durante il culmine dell&#8217;impegno statunitense nei Balcani tra Anni Novanta e primi Duemila, pubblicando veri e propri <strong>piccoli manifesti<\/strong> sulla visione dei rapporti che la sua amministrazione avr\u00e0 con <strong>Albania<\/strong>, <strong>Kosovo<\/strong> e<strong> Bosnia-Erzegovina<\/strong>, facendo cos\u00ec appello ad un voto \u2013 quello delle rispettive diaspore di quei Paesi \u2013 gi\u00e0 ampiamente di fede democratica.<\/p>\n<p>In essi, Biden ha giocato sui suoi legami personali, ricordando come da senatore si sia battuto per promuovere l&#8217;<a href=\"https:\/\/www.klix.ba\/vijesti\/svijet\/emotivna-bidenova-obracanja-o-bih-iz-devedesetih-izuzetno-popularna-na-drustvenim-mrezama\/201110120\" target=\"_blank\" rel=\"noopener\"><strong>intervento statunitense e della Nato in Bosnia\u00a0e in Kosovo<\/strong><\/a>\u00a0e la sua costante vicinanza nel loro difficile percorso post-bellico, auspicando progressi nel cammino verso l&#8217;adesione alla Nato e all&#8217;Ue.<\/p>\n<p>Nel caso della <strong><a href=\"https:\/\/www.peacefare.net\/2020\/10\/20\/still-polarization-this-time-in-support-of-bosnia\/\" target=\"_blank\" rel=\"noopener\">Bosnia-Erzegovina<\/a><\/strong>, Biden ha ricordato di avervi condotto una delle sue prime visite da vicepresidente nel 2009, sottolineando come l&#8217;amministrazione Obama abbia introdotto le sanzioni contro l\u2019attuale membro serbo della presidenza bosniaca <strong>Milorad Dodik<\/strong> per i suoi attacchi all&#8217;integrit\u00e0 territoriale del Paese, e affermando di voler lavorare per la &#8220;integrit\u00e0 e multietnicit\u00e0 bosniaca&#8221;.<\/p>\n<p>Sul <strong><a href=\"https:\/\/www.peacefare.net\/2020\/10\/20\/polarization-at-home-polarization-abroad\/\" target=\"_blank\" rel=\"noopener\">Kosovo<\/a><\/strong>, Biden pi\u00f9 esplicitamente mira a <strong>rovesciare &#8220;l&#8217;approccio sbilanciato&#8221; di Trump<\/strong> verso il dialogo Belgrado-Pristina, e a <strong>lavorare in stretta partnership con l&#8217;Unione europea<\/strong> per arrivare ad un accordo complessivo che &#8220;rispetti l\u2019integrit\u00e0 territoriale&#8221; kosovara.<\/p>\n<p>I differenti approcci tra Trump e Biden hanno, naturalmente, dato vita a <strong>&#8220;tifoserie&#8221; balcaniche,<\/strong> con il gi\u00e0 citato Dodik che ha invitato a votare per il primo, definendo il secondo un &#8220;<a href=\"http:\/\/ba.n1info.com\/Vijesti\/a481042\/Dodik-Biden-je-obicni-srbomrzac.html\" target=\"_blank\" rel=\"noopener\">odiatore dei serbi<\/a>&#8220;, mentre gli altri due componenti della presidenza bosniaca, <strong>Zeljko Komsi\u0107<\/strong> e <strong>\u0160efik Dzaferovi\u0107,<\/strong> sono stati tra i primi a <strong>congratularsi<\/strong> con Biden.<\/p>\n<p><strong>Vu\u010di\u0107<\/strong>, pur se meno esplicito, dopo le elezioni ha fatto ampiamente capire che <strong>avrebbe preferito una vittoria di Trump<\/strong>, soprattutto per il suo approccio alla questione kosovara. Va da s\u00e9 che l&#8217;attuale opposizione kosovara guidata dall&#8217;<a href=\"https:\/\/www.archivio-affarinternazionali.it\/archivio\/2020\/03\/cade-il-governo-kurti-sul-kosovo-e-usa-contro-ue\/\" target=\"_blank\" rel=\"noopener\"><strong>ex premier Albin Kurti<\/strong><\/a>, che proprio Grenell aveva implicitamente contribuito a defenestrare in quanto principale ostacolo allo scambio di territori, abbia invitato caldamente la <strong>diaspora albanese a votare per Biden<\/strong>.<\/p>\n<p><strong>Il nuovo presidente nei Balcani<br \/>\n<\/strong>In concreto, dunque, cosa far\u00e0 l\u2019amministrazione Biden nei Balcani? Sicuramente <strong>si allontaner\u00e0 dai toni esasperati e dozzinali del governo uscente<\/strong>, ma \u00e8 altrettanto difficile immaginare un attivismo marcato sulla scia dell&#8217;<a href=\"https:\/\/www.archivio-affarinternazionali.it\/archivio\/2020\/11\/la-politica-estera-di-biden-tutto-come-prima\/\" target=\"_blank\" rel=\"noopener\">interventismo liberale degli anni &#8217;90 e 2000<\/a> dell&#8217;allora senatore democratico.<\/p>\n<p>Biden lascer\u00e0 che l&#8217;<strong>Unione europea (ri)prenda l&#8217;iniziativa sui colloqui tra Kosovo e Serbia<\/strong>, non rinnovando la carica che Grenell lascer\u00e0 vuota ma confermando probabilmente la figura dell\u2019inviato speciale per il Balcani Richard Palmer, e fornendo il necessario appoggio morale a una <strong>normalizzazione che sicuramente sar\u00e0 meno sbilanciata a favore dei serbi<\/strong>. Per i leader di Belgrado e Banja Luka sar\u00e0 forse pi\u00f9 difficile giocare la carta dell&#8217;influenza russa (e cinese), dato che Washington si mostrer\u00e0 meno indulgente verso le aperture di Mosca alla regione, cos\u00ec come verso ogni eccesso di retorica nazionalista, revisionista e separatista.<\/p>\n<p>Alla fine, sar\u00e0 il <strong>pragmatismo<\/strong> &#8211; alla Casa Bianca come nei Balcani occidentali &#8211; a farla da padrone: ogni progresso verso la normalizzazione delle relazioni nella regione verso l&#8217;Unione europea e la Nato rester\u00e0, fondamentalmente, nelle mani non troppo intrepide dei governi locali.<\/p>\n<p><small>Le opinioni espresse appartengono unicamente all\u2019autore e non riflettono necessariamente l\u2019opinione della Commissione europea o del Servizio europeo di azione esterna.\u00a0<\/small><\/p>\n","protected":false},"excerpt":{"rendered":"<p>Seppur nel loro piccolo rispetto a temi di maggior rilevanza globale, i Balcani occidentali hanno giocato la loro parte nell&#8217;appena conclusasi campagna elettorale statunitense. La pregressa &#8220;esperienza balcanica&#8221; accumulata nei suoi anni da senatore e da vicepresidente pu\u00f2 dare un&#8217;indicazione su come l&#8217;amministrazione guidata da Joe Biden si approccer\u00e0 verso le criticit\u00e0 ancora presenti in [&hellip;]<\/p>\n","protected":false},"author":39,"featured_media":85451,"comment_status":"closed","ping_status":"closed","sticky":false,"template":"","format":"standard","meta":{"footnotes":""},"categories":[9],"tags":[400,75,1616,952,97,401,422,140],"_links":{"self":[{"href":"https:\/\/www.archivio-affarinternazionali.it\/archivio\/wp-json\/wp\/v2\/posts\/85394"}],"collection":[{"href":"https:\/\/www.archivio-affarinternazionali.it\/archivio\/wp-json\/wp\/v2\/posts"}],"about":[{"href":"https:\/\/www.archivio-affarinternazionali.it\/archivio\/wp-json\/wp\/v2\/types\/post"}],"author":[{"embeddable":true,"href":"https:\/\/www.archivio-affarinternazionali.it\/archivio\/wp-json\/wp\/v2\/users\/39"}],"replies":[{"embeddable":true,"href":"https:\/\/www.archivio-affarinternazionali.it\/archivio\/wp-json\/wp\/v2\/comments?post=85394"}],"version-history":[{"count":7,"href":"https:\/\/www.archivio-affarinternazionali.it\/archivio\/wp-json\/wp\/v2\/posts\/85394\/revisions"}],"predecessor-version":[{"id":85479,"href":"https:\/\/www.archivio-affarinternazionali.it\/archivio\/wp-json\/wp\/v2\/posts\/85394\/revisions\/85479"}],"wp:featuredmedia":[{"embeddable":true,"href":"https:\/\/www.archivio-affarinternazionali.it\/archivio\/wp-json\/wp\/v2\/media\/85451"}],"wp:attachment":[{"href":"https:\/\/www.archivio-affarinternazionali.it\/archivio\/wp-json\/wp\/v2\/media?parent=85394"}],"wp:term":[{"taxonomy":"category","embeddable":true,"href":"https:\/\/www.archivio-affarinternazionali.it\/archivio\/wp-json\/wp\/v2\/categories?post=85394"},{"taxonomy":"post_tag","embeddable":true,"href":"https:\/\/www.archivio-affarinternazionali.it\/archivio\/wp-json\/wp\/v2\/tags?post=85394"}],"curies":[{"name":"wp","href":"https:\/\/api.w.org\/{rel}","templated":true}]}}