{"id":85774,"date":"2020-12-04T08:27:19","date_gmt":"2020-12-04T07:27:19","guid":{"rendered":"https:\/\/www.archivio-affarinternazionali.it\/archivio\/?p=85774"},"modified":"2020-12-04T08:27:32","modified_gmt":"2020-12-04T07:27:32","slug":"leadership-politica-e-cooperazione-internazionale-le-chiavi-per-la-transizione-energetica","status":"publish","type":"post","link":"https:\/\/www.archivio-affarinternazionali.it\/archivio\/2020\/12\/leadership-politica-e-cooperazione-internazionale-le-chiavi-per-la-transizione-energetica\/","title":{"rendered":"Leadership politica e cooperazione internazionale: le chiavi per la transizione energetica"},"content":{"rendered":"<p>L&#8217;energia \u00e8 da sempre un importante fattore di crescita economica e progresso e, dalla prima rivoluzione industriale, \u00e8 addirittura essenziale per lo <strong>sviluppo economico<\/strong>.<\/p>\n<p>Negli ultimi tempi, tuttavia, vi \u00e8 stato un profondo cambiamento nella relazione tra energia e crescita. Storicamente, l&#8217;attenzione era rivolta all&#8217;esistenza di riserve energetiche sufficienti ad alimentare la crescita nel lungo periodo e la preoccupazione principale riguardava la capacit\u00e0 di trovare nuove fonti pi\u00f9 efficienti e in grado di sostituirle in caso di esaurimento. Oggi, invece, la <strong>sostenibilit\u00e0 della crescita<\/strong> nel tempo \u00e8 considerata funzione non solo della quantit\u00e0 di energia ma anche della sua qualit\u00e0. Sono importanti disponibilit\u00e0 ed efficienza ma lo \u00e8 anche l&#8217;<strong>impatto ambientale<\/strong>, in particolare le emissioni di CO<sub>2<\/sub>.<\/p>\n<p>La questione energetica non \u00e8 pi\u00f9 solo un tema industriale ed economico, ma anche sociale e politico. L&#8217;emergenza del <strong>cambiamento climatico<\/strong> l&#8217;ha posta al centro del dibattito sul futuro del pianeta.<\/p>\n<p><strong>Il ruolo della politica<br \/>\n<\/strong>Come \u00e8 emerso chiaramente nella<a href=\"https:\/\/www.archivio-affarinternazionali.it\/archivio\/2020\/11\/energia-e-clima-potranno-indirizzare-il-voto-americano\/\" target=\"_blank\" rel=\"noopener\"><strong> campagna elettorale per la corsa alla Casa Bianca<\/strong><\/a>, negli Stati Uniti cambiamento climatico e transizione energetica sono temi sui quali vi \u00e8 una forte polarizzazione politica, non priva di componenti ideologiche. A un estremo, i <strong>negazionisti<\/strong> del cambiamento climatico che considerano le energie rinnovabili inutili e onerose per il bilancio pubblico; dall&#8217;altra, <a href=\"https:\/\/www.archivio-affarinternazionali.it\/archivio\/2019\/02\/usa-green-new-deal\/\" target=\"_blank\" rel=\"noopener\">l&#8217;<strong>ala liberal<\/strong> del Partito democratico<\/a> che vorrebbe una completa transizione energetica entro il 2030, cio\u00e8 in tempi brevissimi. Sar\u00e0 necessaria una forte leadership da parte del presidente Biden trovare un equilibrio tra le diverse posizioni.<\/p>\n<p>Anche la <a href=\"https:\/\/www.archivio-affarinternazionali.it\/archivio\/2020\/10\/litalia-lue-e-il-clima-lagenda-verde-nella-triangolazione-cop26-g20-g7\/\" target=\"_blank\" rel=\"noopener\"><strong>politica europea<\/strong><\/a> \u00e8 caratterizzata da una forte contrapposizione: da una parte l&#8217;obiettivo di essere il <strong>primo continente a zero emissioni entro il 2050<\/strong> e dall&#8217;altra la <strong>protezione dei diversi interessi nazionali<\/strong>. In particolare, molti dei Paesi dell&#8217;Est Europa &#8211; nelle cui economie il carbone ha ancora un ruolo centrale &#8211; sono restii, e talvolta ostili, alla transizione energetica. Il <strong>primo ministro ungherese Viktor Orb\u00e1n<\/strong> ha sempre avuto un atteggiamento ambiguo sui temi della <em>green economy<\/em>. Bulgaria, Romania e Repubblica Ceca hanno opposto una notevole resistenza prima di aderire Green Deal europeo. La Polonia, il cui 70% di energia prodotta deriva dal carbone, si \u00e8 addirittura rifiutata di sottoscrivere gli obiettivi al 2050.<\/p>\n<p>Anche in campo energetico, come in altri ambiti, la <strong>Commissione europea<\/strong> ha l&#8217;arduo compito di trovare un compromesso politico tra una strategia energetica comune e condivisa e la tutela delle esigenze di crescita dei singoli Paesi membri.<\/p>\n<p><strong>La cooperazione internazionale<\/strong><br \/>\nSecondo l&#8217;ultimo <a href=\"https:\/\/www.unenvironment.org\/resources\/emissions-gap-report-2019\" target=\"_blank\" rel=\"noopener\">Emission Gas Report dell&#8217;Onu<\/a> &#8220;per raggiungere gli <strong>obiettivi di Parigi<\/strong> la riduzione di emissioni nel prossimo decennio dovr\u00e0 essere del 7,6%&#8221;. Uno studio del Fondo monetario internazionale evidenzia come dal 2015 a oggi, Unione europea e Stati Uniti abbiano diminuito le emissioni di C02\u00a0rispettivamente di 5,1% e 2,9%, mentre Cina e India le abbiano addirittura aumentate di 4,9% e 1,5%.<\/p>\n<p>Da questi dati si evince che per raggiungere gli obiettivi prestabiliti siano necessari <strong>maggiori &#8220;sacrifici&#8221;<\/strong> ed \u00e8 inoltre evidente quanto sia difficile trovare un consenso internazionale sulla ripartizione degli stessi.<\/p>\n<p><a href=\"https:\/\/www.archivio-affarinternazionali.it\/archivio\/2020\/11\/covid-19-accelerazione-o-frenata-per-la-green-economy\/\" target=\"_blank\" rel=\"noopener\">La pandemia, peraltro, accentua il problema<\/a>. Innanzitutto, perch\u00e9 la <a href=\"https:\/\/www.archivio-affarinternazionali.it\/archivio\/2020\/05\/la-madre-di-tutte-le-recessioni\/\" target=\"_blank\" rel=\"noopener\"><strong>recessione<\/strong><\/a> che ne segue pu\u00f2 cambiare le priorit\u00e0 della politica e sottrarre risorse all&#8217;agenda &#8220;verde&#8221;. Ma anche perch\u00e9 il <strong>crollo del prezzo del petrolio<\/strong> rende pi\u00f9 difficile e antieconomica la transizione energetica.<\/p>\n<p>Su un tema cos\u00ec globale<strong> \u00e8 quindi imprescindibile che aumenti la cooperazione internazionale<\/strong> e si arrivi a scelte condivise. Per quanto difficile, gestire al meglio la tempistica della transizione e minimizzare il grado d&#8217;incertezza \u00e8 nell&#8217;interesse di tutti i Paesi. Infatti, cambiamento climatico e surriscaldamento globale accrescono la volatilit\u00e0 dei prezzi agricoli (per le sempre pi\u00f9 frequenti e improvvise siccit\u00e0, inondazioni o gelate), aumentano i rischi e i costi delle compagnie assicurative (per i maggiori danni causati da uragani e tempeste), mettono a rischio interi settori dell\u2019economia, generano maggiore instabilit\u00e0 macroeconomica e rendono pi\u00f9 complessa e meno efficace la politica economica di governi e banche centrali.<\/p>\n<p><strong>Le decisioni di Usa e Ue<br \/>\n<\/strong>Leadership politica e cooperazione internazionale sono le due caratteristiche imprescindibili per poter fare concreti passi avanti nella lotta al cambiamento climatico. La <strong>decisione di Joe Biden<\/strong> di inserire per la prima volta nel Consiglio di Sicurezza nazionale una figura dedicata esplicitamente alla crisi climatica, e il fatto che questo ruolo sia stato affidato a un politico di grande esperienza e statura internazionale quale <strong><a href=\"https:\/\/www.archivio-affarinternazionali.it\/archivio\/2020\/11\/con-biden-e-kerry-il-ritorno-di-una-superpotenza-climatica\/\" target=\"_blank\" rel=\"noopener\">John Kerry<\/a>,<\/strong> sono segnali importanti che vanno nella giusta direzione.<\/p>\n<p>L&#8217;<strong>Unione europea<\/strong> potrebbe seguire questo esempio, coinvolgendo sul tema personalit\u00e0 politiche di analoga autorevolezza. Ma la politica \u00e8 spesso mossa dal consenso e in questo senso l&#8217;emergenza della pandemia di Covid-19, seppur drammatica dal punto di vista sanitario ed economico, ha reso evidente lo stretto collegamento tra cambiamento climatico e diffusione di virus animali nell&#8217;uomo. E ci\u00f2 potrebbe contribuire in modo decisivo ad aumentare e diffondere la consapevolezza dell\u2019importanza di preservare l\u2019ambiente.<\/p>\n","protected":false},"excerpt":{"rendered":"<p>L&#8217;energia \u00e8 da sempre un importante fattore di crescita economica e progresso e, dalla prima rivoluzione industriale, \u00e8 addirittura essenziale per lo sviluppo economico. Negli ultimi tempi, tuttavia, vi \u00e8 stato un profondo cambiamento nella relazione tra energia e crescita. Storicamente, l&#8217;attenzione era rivolta all&#8217;esistenza di riserve energetiche sufficienti ad alimentare la crescita nel lungo [&hellip;]<\/p>\n","protected":false},"author":39,"featured_media":85847,"comment_status":"closed","ping_status":"closed","sticky":false,"template":"","format":"standard","meta":{"footnotes":""},"categories":[9],"tags":[1616,1669,2160,1787,103,532,2677,2678,140,109],"_links":{"self":[{"href":"https:\/\/www.archivio-affarinternazionali.it\/archivio\/wp-json\/wp\/v2\/posts\/85774"}],"collection":[{"href":"https:\/\/www.archivio-affarinternazionali.it\/archivio\/wp-json\/wp\/v2\/posts"}],"about":[{"href":"https:\/\/www.archivio-affarinternazionali.it\/archivio\/wp-json\/wp\/v2\/types\/post"}],"author":[{"embeddable":true,"href":"https:\/\/www.archivio-affarinternazionali.it\/archivio\/wp-json\/wp\/v2\/users\/39"}],"replies":[{"embeddable":true,"href":"https:\/\/www.archivio-affarinternazionali.it\/archivio\/wp-json\/wp\/v2\/comments?post=85774"}],"version-history":[{"count":3,"href":"https:\/\/www.archivio-affarinternazionali.it\/archivio\/wp-json\/wp\/v2\/posts\/85774\/revisions"}],"predecessor-version":[{"id":85848,"href":"https:\/\/www.archivio-affarinternazionali.it\/archivio\/wp-json\/wp\/v2\/posts\/85774\/revisions\/85848"}],"wp:featuredmedia":[{"embeddable":true,"href":"https:\/\/www.archivio-affarinternazionali.it\/archivio\/wp-json\/wp\/v2\/media\/85847"}],"wp:attachment":[{"href":"https:\/\/www.archivio-affarinternazionali.it\/archivio\/wp-json\/wp\/v2\/media?parent=85774"}],"wp:term":[{"taxonomy":"category","embeddable":true,"href":"https:\/\/www.archivio-affarinternazionali.it\/archivio\/wp-json\/wp\/v2\/categories?post=85774"},{"taxonomy":"post_tag","embeddable":true,"href":"https:\/\/www.archivio-affarinternazionali.it\/archivio\/wp-json\/wp\/v2\/tags?post=85774"}],"curies":[{"name":"wp","href":"https:\/\/api.w.org\/{rel}","templated":true}]}}