{"id":86121,"date":"2021-01-06T11:30:17","date_gmt":"2021-01-06T10:30:17","guid":{"rendered":"https:\/\/www.archivio-affarinternazionali.it\/archivio\/?p=86121"},"modified":"2021-01-08T01:06:57","modified_gmt":"2021-01-08T00:06:57","slug":"il-2021-portera-un-nuovo-accordo-fra-ue-e-paesi-del-gruppo-acp","status":"publish","type":"post","link":"https:\/\/www.archivio-affarinternazionali.it\/archivio\/2021\/01\/il-2021-portera-un-nuovo-accordo-fra-ue-e-paesi-del-gruppo-acp\/","title":{"rendered":"Il 2021 porter\u00e0 un nuovo accordo fra Ue e Paesi del Gruppo Acp"},"content":{"rendered":"<p>Il 2020 prometteva di essere un anno di svolta per le<strong> relazioni fra Unione europea e Africa<\/strong>, ma l&#8217;impatto della pandemia ha pesantemente ridefinito le priorit\u00e0 reciproche, facendo anche riemergere le divergenze politiche che gi\u00e0 covavano al di sotto della promessa di una partnership fra pari.<\/p>\n<p>Tuttavia, a inizio dicembre \u00e8 giunta la notizia di un\u00a0<a href=\"https:\/\/ec.europa.eu\/commission\/presscorner\/detail\/en\/ip_20_2291\" target=\"_blank\" rel=\"noopener\"><strong>accordo politico fra l&#8217;Ue e l&#8217;Organizzazione degli Stati Acp<\/strong><\/a> (<strong>Africa, Caraibi e Pacifico<\/strong>, Oacps) per il <strong>superamento dell&#8217;Accordo di Partnership di Cotonou<\/strong>, che dovrebbe imprimere, almeno sulla carta, <strong>nuova energia alla relazioni fra i due continenti<\/strong>.<\/p>\n<p>Pur essendo formalmente svincolato dalla <strong><a href=\"https:\/\/www.archivio-affarinternazionali.it\/archivio\/2020\/03\/perche-lafrica-e-una-priorita-per-la-commissione-europea\/\" target=\"_blank\" rel=\"noopener\">strategia comprensiva con l&#8217;Africa<\/a><\/strong> proposta dalla Commissione europea a marzo, il nuovo accordo regoler\u00e0 molti aspetti fondamentali nella relazione con gli Stati africani, come la cooperazione allo sviluppo e i rapporti commerciali. Ne sono per\u00f2 <strong>esclusi i Paesi del Nordafrica<\/strong>, che non partecipano a questi negoziati.<\/p>\n<p><strong>La formula ibrida &#8220;3 in 1&#8221;<br \/>\n<\/strong>I negoziatori tra Ue e Paesi Acp hanno raggiunto un accordo politico sul testo di un<strong> nuovo accordo di partnership\u00a0<\/strong>che andr\u00e0 a <strong>sostituire quello di Cotonou<\/strong>, siglato nel 2000. Il nuovo testo, che prevede una durata ventennale, andr\u00e0 ora approvato, firmato e ratificato da entrambe le parti prima di entrare in vigore <strong>nel corso del 2021<\/strong>. Per questo motivo, l&#8217;Accordo di Cotonou rimarr\u00e0 in vigore fino al 30 novembre 2021, a meno che la nuova intesa non venga approvata prima.<\/p>\n<p>Sono state introdotte alcune novit\u00e0 rispetto all&#8217;impianto precedente. Innanzitutto, \u00e8 stato raggiunto un accordo quadro valido per tutti i partner, che fissa priorit\u00e0 e valori condivisi. Tuttavia, viene poi promossa una pi\u00f9 esplicita <strong>differenziazione regionale<\/strong> tramite l&#8217;adozione di <strong>tre protocolli che rispondano alle esigenze delle tre regioni componenti il gruppo degli Acp<\/strong>. Si tratta di una soluzione fortemente voluta dall&#8217;Ue, soprattutto per quanto riguarda il protocollo con l&#8217;Africa. A fronte delle resistenze dei Paesi del gruppo Acp, \u00e8 stata quindi adottata questa <strong>formula ibrida<\/strong> &#8220;<strong>3 in 1&#8243;<\/strong>.<\/p>\n<p>Un&#8217;altra novit\u00e0 significativa \u00e8 l&#8217;<strong>assenza di riferimenti alle risorse finanziarie<\/strong> che dovrebbero sostenere l&#8217;implementazione dell\u2019accordo e, in particolare, la mancanza di qualsiasi riferimento al <strong>Fondo europeo di sviluppo<\/strong> (Fes). Il Fes \u00e8 stato a lungo la principale fonte di finanziamento della cooperazione allo sviluppo Ue, in particolare in Africa, ed era strettamente collegato all&#8217;Accordo di Cotonou, rimanendo al di fuori del bilancio dell&#8217;Ue. La sua mancata inclusione, per il momento, nell&#8217;accordo post-Cotonou \u00e8 legata alla scelta di <strong>includere per la prima volta il Fes nel Quadro finanziario<\/strong> <strong>pluriennale<\/strong>, il <a href=\"https:\/\/www.archivio-affarinternazionali.it\/archivio\/2020\/11\/accordo-di-parlamento-e-consiglio-sul-prossimo-bilancio-europeo\/\" target=\"_blank\" rel=\"noopener\">bilancio dell&#8217;Unione<\/a> per il periodo<strong> 2021-2027<\/strong>.<\/p>\n<p>Pochi giorni dopo l&#8217;accordo sul post-Cotonou, \u00e8 anche arrivata l&#8217;intesa fra Consiglio e Parlamento europeo sul nuovo <a href=\"https:\/\/www.europarl.europa.eu\/news\/en\/press-room\/20201215IPR94033\/new-eu-neighbourhood-development-and-international-cooperation-instrument\" target=\"_blank\" rel=\"noopener\">strumento per il Vicinato, lo Sviluppo e la Cooperazione internazionale<\/a> (Ndici) da <strong>70,8 miliardi di euro<\/strong>, che &#8211; inserito all&#8217;interno del bilancio settennale &#8211; finanzier\u00e0 anche la cooperazione con i paesi Acp.<\/p>\n<p><strong>Strategia comprensiva e difficolt\u00e0<br \/>\n<\/strong>L&#8217;accordo con i Paesi Acp sembra contenere alcuni elementi di continuit\u00e0 rispetto alla comunicazione &#8220;Verso una strategia comprensiva con l&#8217;Africa&#8221; avanzata dalla Commissione a inizio 2020. In particolare, il nuovo accordo si basa su <strong>sei aree tematiche prioritarie<\/strong>, che sono quasi del tutto sovrapponibili alle cinque partnership proposte dall&#8217;Ue all&#8217;Unione africana. Le priorit\u00e0 del post-Cotonou saranno quindi diritti umani, democrazia e governance; pace e sicurezza; sviluppo umano e sociale; sostenibilit\u00e0 ambientale e cambiamento climatico; sviluppo e crescita economica inclusiva e sostenibile; migrazioni e mobilit\u00e0.<\/p>\n<p>La coerenza rispetto alle relazioni con l&#8217;<strong><a href=\"https:\/\/www.archivio-affarinternazionali.it\/archivio\/2020\/05\/ecco-come-la-pandemia-accelera-lintegrazione-in-africa\/\" target=\"_blank\" rel=\"noopener\">Unione africana<\/a><\/strong> non costituisce una mera questione formale: il ruolo dell&#8217;organizzazione africana nell&#8217;ambito dei negoziati del post-Cotonou \u00e8 stata motivo di confronto anche all&#8217;interno del gruppo dei Paesi Acp. In pi\u00f9, le relazioni attuali con l&#8217;Ue attraversano un <strong>momento critico<\/strong>: dopo la cancellazione a causa della pandemia dell&#8217;incontro fra i capi di Stato e di governo dei due continenti previsto a ottobre, anche un summit virtuale fra alcuni leader europei e africani in programma il 9 dicembre \u00e8 saltato all&#8217;ultimo momento, in un clima complicato da <strong><a href=\"https:\/\/www.politico.eu\/article\/eu-au-videoconference-postponed-over-agenda-issues\/\" target=\"_blank\" rel=\"noopener\">recriminazioni reciproche<\/a><\/strong>. Se ne riparler\u00e0 nel 2021.<\/p>\n<p><strong>Priorit\u00e0 europee<br \/>\n<\/strong>Tornando al contenuto del nuovo accordo con il gruppo Acp, le priorit\u00e0 europee paiono essersi spostate verso <strong>la transizione verde e la gestione delle migrazioni<\/strong> rispetto ai temi commerciali. Il tema della liberalizzazione commerciale pare infatti passare in secondo piano, a fronte di una maggiore enfasi sul contributo del commercio a una crescita inclusiva e sostenibile. Tuttavia, gli Accordi di partenariato economico, tanto contestati in passato dai partner africani, rimarranno in vigore.<\/p>\n<p>Una delle aree su cui invece l&#8217;Ue ha premuto maggiormente per far prevalere la propria agenda \u00e8 quella riguardante le migrazioni e la <strong>mobilit\u00e0<\/strong>. La tematica \u00e8 particolarmente sensibile perch\u00e9 costituisce uno degli argomenti su cui la divergenza di vedute fra Europa e Africa continua ad essere significativa. Uno dei terreni di scontro principali rimane quello degli <strong>accordi sui rimpatri<\/strong>, a riguardo dei quali la nuova intesa dovrebbe rafforzare l\u2019impianto precedente tramite un allegato apposito.<\/p>\n<p>L&#8217;Ue sta cercando di introdurre normative stringenti in materia di rimpatri in molti degli strumenti normativi in via di negoziazione ma, in questa come in altre aree controverse, dovr\u00e0 presto riconoscere l&#8217;esistenza di interessi legittimi dei partner africani e non solo. Solo in questo modo, la nuova intesa costituir\u00e0 un primo passo verso il superamento di una relazione verticale e asimmetrica fra Europa ed Africa.<\/p>\n","protected":false},"excerpt":{"rendered":"<p>Il 2020 prometteva di essere un anno di svolta per le relazioni fra Unione europea e Africa, ma l&#8217;impatto della pandemia ha pesantemente ridefinito le priorit\u00e0 reciproche, facendo anche riemergere le divergenze politiche che gi\u00e0 covavano al di sotto della promessa di una partnership fra pari. Tuttavia, a inizio dicembre \u00e8 giunta la notizia di [&hellip;]<\/p>\n","protected":false},"author":39,"featured_media":86214,"comment_status":"closed","ping_status":"closed","sticky":false,"template":"","format":"standard","meta":{"footnotes":""},"categories":[9],"tags":[2005,69,78,738,2160,1787,2467,140],"_links":{"self":[{"href":"https:\/\/www.archivio-affarinternazionali.it\/archivio\/wp-json\/wp\/v2\/posts\/86121"}],"collection":[{"href":"https:\/\/www.archivio-affarinternazionali.it\/archivio\/wp-json\/wp\/v2\/posts"}],"about":[{"href":"https:\/\/www.archivio-affarinternazionali.it\/archivio\/wp-json\/wp\/v2\/types\/post"}],"author":[{"embeddable":true,"href":"https:\/\/www.archivio-affarinternazionali.it\/archivio\/wp-json\/wp\/v2\/users\/39"}],"replies":[{"embeddable":true,"href":"https:\/\/www.archivio-affarinternazionali.it\/archivio\/wp-json\/wp\/v2\/comments?post=86121"}],"version-history":[{"count":4,"href":"https:\/\/www.archivio-affarinternazionali.it\/archivio\/wp-json\/wp\/v2\/posts\/86121\/revisions"}],"predecessor-version":[{"id":86323,"href":"https:\/\/www.archivio-affarinternazionali.it\/archivio\/wp-json\/wp\/v2\/posts\/86121\/revisions\/86323"}],"wp:featuredmedia":[{"embeddable":true,"href":"https:\/\/www.archivio-affarinternazionali.it\/archivio\/wp-json\/wp\/v2\/media\/86214"}],"wp:attachment":[{"href":"https:\/\/www.archivio-affarinternazionali.it\/archivio\/wp-json\/wp\/v2\/media?parent=86121"}],"wp:term":[{"taxonomy":"category","embeddable":true,"href":"https:\/\/www.archivio-affarinternazionali.it\/archivio\/wp-json\/wp\/v2\/categories?post=86121"},{"taxonomy":"post_tag","embeddable":true,"href":"https:\/\/www.archivio-affarinternazionali.it\/archivio\/wp-json\/wp\/v2\/tags?post=86121"}],"curies":[{"name":"wp","href":"https:\/\/api.w.org\/{rel}","templated":true}]}}