{"id":86810,"date":"2021-02-04T15:17:33","date_gmt":"2021-02-04T14:17:33","guid":{"rendered":"https:\/\/www.archivio-affarinternazionali.it\/archivio\/?p=86810"},"modified":"2021-02-12T09:04:07","modified_gmt":"2021-02-12T08:04:07","slug":"ecuador-al-voto-il-progetto-correista-contro-la-destra","status":"publish","type":"post","link":"https:\/\/www.archivio-affarinternazionali.it\/archivio\/2021\/02\/ecuador-al-voto-il-progetto-correista-contro-la-destra\/","title":{"rendered":"Ecuador al voto: la riscossa del progetto &#8220;correista&#8221; contro la destra"},"content":{"rendered":"<p><img loading=\"lazy\" decoding=\"async\" class=\"size-medium wp-image-86815 alignleft\" src=\"https:\/\/www.archivio-affarinternazionali.it\/archivio\/wp-content\/uploads\/2021\/02\/OssEle_Ecuador-300x300.png\" alt=\"\" width=\"300\" height=\"300\" srcset=\"https:\/\/www.archivio-affarinternazionali.it\/archivio\/wp-content\/uploads\/2021\/02\/OssEle_Ecuador-300x300.png 300w, https:\/\/www.archivio-affarinternazionali.it\/archivio\/wp-content\/uploads\/2021\/02\/OssEle_Ecuador-150x150.png 150w, https:\/\/www.archivio-affarinternazionali.it\/archivio\/wp-content\/uploads\/2021\/02\/OssEle_Ecuador-768x768.png 768w, https:\/\/www.archivio-affarinternazionali.it\/archivio\/wp-content\/uploads\/2021\/02\/OssEle_Ecuador-1024x1024.png 1024w, https:\/\/www.archivio-affarinternazionali.it\/archivio\/wp-content\/uploads\/2021\/02\/OssEle_Ecuador-125x125.png 125w, https:\/\/www.archivio-affarinternazionali.it\/archivio\/wp-content\/uploads\/2021\/02\/OssEle_Ecuador.png 1080w\" sizes=\"(max-width: 300px) 100vw, 300px\" \/>Domenica 7 febbraio si terranno le elezioni in <strong>Ecuador<\/strong>. Alle urne si presentano ben 16 candidati, un record storico; il presidente uscente <strong>Len\u00edn<\/strong> <strong>Moreno<\/strong>, giunto alla fine di un primo mandato funestato dalle <a href=\"https:\/\/www.archivio-affarinternazionali.it\/archivio\/2019\/10\/ecuador-paquetazo-sconfitto-piazza\/\" target=\"_blank\" rel=\"noopener\">proteste di piazza<\/a> oltre che dalla <a href=\"https:\/\/www.archivio-affarinternazionali.it\/archivio\/2020\/06\/in-ecuador-aumentano-i-contagi-e-anche-i-tagli-alla-spesa-pubblica\/\" target=\"_blank\" rel=\"noopener\">pandemia<\/a>,\u00a0non si ricandida. Nonostante il gran numero di proposte, la sfida aperta \u00e8 tra <strong>la corrente vicina all\u2019ex presidente Rafael Correa<\/strong>, capitanata da <strong>Andr\u00e9s Arauz<\/strong>, e quella <strong>\u201canti-correista\u201d<\/strong> dell\u2019imprenditore <strong>Guillermo Lasso<\/strong>, giunto alla sua terza candidatura.<\/p>\n<p>Circa 13 milioni di ecuadoriani si recheranno alle urne. Si voter\u00e0 per eleggere 144 cariche pubbliche per un mandato di quattro anni. Oltre al presidente e al suo vice, si rinnovano le cariche di 137 membri dell&#8217;<strong>Assemblea nazionale<\/strong> e cinque del Parlamento Andino, l\u2019organo di controllo della <strong>Comunit\u00e0 Andina<\/strong>, l&#8217;organizzazione regionale costituita da Bolivia, Colombia, Cile, Per\u00f9 ed Ecuador.<\/p>\n<p>Vince il candidato presidente che supera il 50% dei voti validi o raggiunge il 40% delle preferenze con uno scarto dal secondo di almeno 10 punti. Senza una delle due condizioni si va al ballottaggio, gi\u00e0 fissato per il prossimo 11 aprile. Il voto \u00e8 obbligatorio dai 18 ai 65 anni ed \u00e8 prevista una multa di 40 dollari a chi non si presenta. Solo chi \u00e8 affetto da Covid-19 \u00e8 esentato, ma deve comunque presentare un certificato medico.<\/p>\n<p><strong>Il candidato di punta<\/strong><br \/>\nI sondaggi danno Andr\u00e9s Arauz come favorito, tra il 37 e il 46% delle preferenze, con ottime possibilit\u00e0 di vittoria gi\u00e0 al primo turno. Ex ministro della Cultura e del Patrimonio dal 2015 al 2017, Arauz si presenta con un nuovo partito, il <em><strong>Centro Democr\u00e1tico<\/strong><\/em>, pubblicamente appoggiato dalla <em>Uni\u00f3n por la Esperanza<\/em> (Unes), fondata in occasione di queste elezioni da Rafael Correa, che oggi &#8211; al centro di una complicata battaglia giudiziaria nel suo Paese &#8211; si trova in esilio in Belgio.<\/p>\n<p>Il programma del <em>Centro Democr\u00e1tico<\/em> rappresenta <strong>una continuazione del progetto \u201ccorreista\u201d<\/strong> portato avanti per dieci anni fino al 2017. Tra le azioni a breve termine si prevede una tassa patrimoniale per poter garantire a un milione di famiglie un \u201cbonifico diretto\u201d di mille dollari. A lungo termine si intende puntare sulla ripresa economica con iniziative che incentivino le piccole e medie imprese e allontanino il Paese dalla dipendenza dal petrolio. Arauz, infine, ha in programma alcune riforme sociali, come la legge per il diritto all\u2019aborto e la creazione di istituzioni per la giustizia indigena.<\/p>\n<p><strong>L\u2019eterno sfidante<\/strong><br \/>\nIl principale sfidante del candidato favorito \u00e8 Guillermo Lasso, 65 anni, che corre per la terza volta alle presidenziali dopo aver perso sia con Correa sia con Moreno. Esperto uomo d\u2019affari, \u00e8 molto conosciuto in Ecuador anzituttoper aver dato vita al progetto <strong>Banco del Barrio<\/strong>, che ha portato i servizi finanziari nelle attivit\u00e0 commerciali di tutto il Paese.<\/p>\n<p>Criticato per le sue <strong>posizioni<\/strong> religiose e politiche, alquanto <strong>conservatrici<\/strong>, Lasso dal punto di vista economico ha un approccio <strong>neoliberista<\/strong>: vuole aprire ai privati la gestione degli ospedali (pur mantenendoli gratuiti) e agevolare lo sfruttamento delle risorse energetiche e minerarie.<\/p>\n<p>Alle elezioni si presenta con il sostegno di un\u2019alleanza tra Creo (<em>Movimiento Pol\u00edtico Creando Oportunidades<\/em>) e <em>Partido Social Cristiano<\/em> e secondo i sondaggi \u00e8 dato tra il 32 e il 27% delle preferenze, con possibilit\u00e0 di arrivare al ballottaggio.<\/p>\n<p><strong>Le previsioni<\/strong><br \/>\nNonostante i sondaggi prospettino la vittoria di Arauz, in Ecuador si respira un clima di incertezza. Ad alimentarlo un vasto numero di persone ancora indecise alla vigilia del voto. Secondo un sondaggio di Cedatos, infatti, al momento il 66,4% degli interpellati non sarebbe interessato alle elezioni, mentre Click Report parla di un 44% di elettori ancora indecisi. L&#8217;<em>Alianza Pais<\/em> del leader uscente Moreno &#8211; ex braccio destro poi diventato oppositore di Correa &#8211; \u00e8 ridotta al lumicino: per la presidenza corre la parlamentare Ximena Pe\u00f1a.<\/p>\n<p>Sebbene Arauz abbia solide chance di vittoria al primo turno, non si esclude che si possa arrivare al secondo turno. Bisogner\u00e0 quindi vedere se, in questa circostanza, la corrente correista potr\u00e0 contare anche sui voti di Pachakutik, <strong>lista dei movimenti indigeni<\/strong>, in questo momento terza nei sondaggi con una percentuale che oscilla tra il 5 e il 13%. Sebbene il loro candidato, <strong>Yaku P\u00e9rez<\/strong>, abbia in passato protestato anche contro Correa, la sua linea risulta pi\u00f9 vicina ideologicamente a quella di Arauz rispetto che a quella di Lasso. In caso di sostegno da parte della lista dei movimenti indigeni, la vittoria della destra diventerebbe uno scenario ancora pi\u00f9 improbabile.<\/p>\n<p>Le sfide a cui sar\u00e0 chiamato a rispondere il nuovo presidente riguardano aspetti strutturali del Paese andino. Da una parte la situazione economica \u00e8 precipitata a causa della pandemia, dall\u2019altra preme il <strong>Fondo monetario internazionale<\/strong>, che dopo i recenti ingenti prestiti chiede adesso riforme del sistema economico ecuadoriano.\u00a0\u00a0Un accordo contro cui si scagliarono gli stessi correisti, motivo per cui la vittoria di Arauz potrebbe portare a una nuova resistenza nei confronti dei creditori dell\u2019Fmi. Tuttavia, considerato il peso della crisi attuale, non \u00e8 detto che Arauz riesca a trovare i fondi necessari per portare avanti il suo progetto senza affidarsi all\u2019organismo internazionale.<\/p>\n<p><em>A cura della redazione America Latina de Lo Spiegone.<\/em><\/p>\n<p><small>***Lo Spiegone\u00a0\u00e8 una testata giornalistica formata da studenti universitari e giovani professionisti provenienti da tutta Italia e sparsi per il mondo con l\u2019obiettivo di spiegare con chiarezza le dinamiche che l\u2019informazione di massa tralascia quando riporta le notizie legate alle relazioni internazionali, della politica e dell\u2019economia.<\/small><\/p>\n<p><small> Foto di copertina EPA\/Jos\u00e9 J\u00e1come <\/small><\/p>\n","protected":false},"excerpt":{"rendered":"<p>Domenica 7 febbraio si terranno le elezioni in Ecuador. Alle urne si presentano ben 16 candidati, un record storico; il presidente uscente Len\u00edn Moreno, giunto alla fine di un primo mandato funestato dalle proteste di piazza oltre che dalla pandemia,\u00a0non si ricandida. Nonostante il gran numero di proposte, la sfida aperta \u00e8 tra la corrente [&hellip;]<\/p>\n","protected":false},"author":22,"featured_media":86812,"comment_status":"closed","ping_status":"closed","sticky":false,"template":"","format":"standard","meta":{"footnotes":""},"categories":[2030],"tags":[2825,1478,1475,2826,1477],"_links":{"self":[{"href":"https:\/\/www.archivio-affarinternazionali.it\/archivio\/wp-json\/wp\/v2\/posts\/86810"}],"collection":[{"href":"https:\/\/www.archivio-affarinternazionali.it\/archivio\/wp-json\/wp\/v2\/posts"}],"about":[{"href":"https:\/\/www.archivio-affarinternazionali.it\/archivio\/wp-json\/wp\/v2\/types\/post"}],"author":[{"embeddable":true,"href":"https:\/\/www.archivio-affarinternazionali.it\/archivio\/wp-json\/wp\/v2\/users\/22"}],"replies":[{"embeddable":true,"href":"https:\/\/www.archivio-affarinternazionali.it\/archivio\/wp-json\/wp\/v2\/comments?post=86810"}],"version-history":[{"count":8,"href":"https:\/\/www.archivio-affarinternazionali.it\/archivio\/wp-json\/wp\/v2\/posts\/86810\/revisions"}],"predecessor-version":[{"id":86915,"href":"https:\/\/www.archivio-affarinternazionali.it\/archivio\/wp-json\/wp\/v2\/posts\/86810\/revisions\/86915"}],"wp:featuredmedia":[{"embeddable":true,"href":"https:\/\/www.archivio-affarinternazionali.it\/archivio\/wp-json\/wp\/v2\/media\/86812"}],"wp:attachment":[{"href":"https:\/\/www.archivio-affarinternazionali.it\/archivio\/wp-json\/wp\/v2\/media?parent=86810"}],"wp:term":[{"taxonomy":"category","embeddable":true,"href":"https:\/\/www.archivio-affarinternazionali.it\/archivio\/wp-json\/wp\/v2\/categories?post=86810"},{"taxonomy":"post_tag","embeddable":true,"href":"https:\/\/www.archivio-affarinternazionali.it\/archivio\/wp-json\/wp\/v2\/tags?post=86810"}],"curies":[{"name":"wp","href":"https:\/\/api.w.org\/{rel}","templated":true}]}}