{"id":87351,"date":"2021-03-29T01:58:58","date_gmt":"2021-03-28T23:58:58","guid":{"rendered":"https:\/\/www.archivio-affarinternazionali.it\/archivio\/?p=87351"},"modified":"2021-03-29T15:41:38","modified_gmt":"2021-03-29T13:41:38","slug":"le-tensioni-tra-nato-e-russia-sul-fronte-baltico","status":"publish","type":"post","link":"https:\/\/www.archivio-affarinternazionali.it\/archivio\/2021\/03\/le-tensioni-tra-nato-e-russia-sul-fronte-baltico\/","title":{"rendered":"Le tensioni tra Nato e Russia sul fronte baltico\u00a0"},"content":{"rendered":"<p><span style=\"font-weight: 400;\"><a href=\"https:\/\/www.archivio-affarinternazionali.it\/archivio\/category\/news\/cara-ai-ti-scrivo\/\" target=\"_blank\" rel=\"noopener\"><img loading=\"lazy\" decoding=\"async\" class=\"alignleft wp-image-80673 size-medium\" src=\"https:\/\/www.archivio-affarinternazionali.it\/archivio\/wp-content\/uploads\/2020\/04\/Cara-AffarInternazionali_1200x6402-300x160.jpg\" alt=\"\" width=\"300\" height=\"160\" srcset=\"https:\/\/www.archivio-affarinternazionali.it\/archivio\/wp-content\/uploads\/2020\/04\/Cara-AffarInternazionali_1200x6402-300x160.jpg 300w, https:\/\/www.archivio-affarinternazionali.it\/archivio\/wp-content\/uploads\/2020\/04\/Cara-AffarInternazionali_1200x6402-768x410.jpg 768w, https:\/\/www.archivio-affarinternazionali.it\/archivio\/wp-content\/uploads\/2020\/04\/Cara-AffarInternazionali_1200x6402-1024x546.jpg 1024w, https:\/\/www.archivio-affarinternazionali.it\/archivio\/wp-content\/uploads\/2020\/04\/Cara-AffarInternazionali_1200x6402-125x67.jpg 125w, https:\/\/www.archivio-affarinternazionali.it\/archivio\/wp-content\/uploads\/2020\/04\/Cara-AffarInternazionali_1200x6402.jpg 1200w\" sizes=\"(max-width: 300px) 100vw, 300px\" \/><\/a>Quanto \u00e8 solido l\u2019equilibrio attuale nei Paesi baltici? Anche negli ultimi anni la relazione tra la Nato e la Russia \u00e8 stata spesso caratterizzata da momenti di tensione, in particolare lungo <strong>le coste del mar Baltico<\/strong>. Da un lato, la Russia si sente minacciata dall\u2019espansione e <strong>rafforzamento ad Est dell\u2019Alleanza<\/strong>, mentre dall\u2019altro, la Nato condanna <strong>la politica aggressiva di Mosca<\/strong>, in particolare in seguito all\u2019illegittima <strong>annessione della Crimea<\/strong> nel 2014. <\/span><\/p>\n<p><span style=\"font-weight: 400;\">In tal contesto, la questione del Baltico rimane estremamente rilevante non solo per il rafforzamento politico dell\u2019Alleanza, ma anche per sviluppare un\u2019adeguata preparazione alle sfide per la stabilit\u00e0 e la sicurezza pan-Europea.<\/span><\/p>\n<p><b>Perch\u00e9 i baltici?<br \/>\n<\/b><span style=\"font-weight: 400;\">In primis, l\u2019importanza strategica dei baltici risiede in un fattore di tipo geografico: l\u2019Estonia, la Lettonia e la Lituania costituiscono infatti <strong>l\u2019unica regione dell&#8217;Europa orientale in cui i territori della Nato e della Russia confinano<\/strong> in modo diretto. <\/span><span style=\"font-weight: 400;\">A seguito dell\u2019occupazione da parte delle forze sovietiche, una buona parte delle rispettive popolazioni \u00e8 ad oggi di etnia russa, favorendo le rivendicazioni di Mosca su quei territori e la sua <strong>\u201c<\/strong><\/span><strong><i>Compatriot Policy<\/i><\/strong><span style=\"font-weight: 400;\"><strong>\u201d<\/strong>. In seguito all\u2019adesione delle tre repubbliche alla Nato, la Russia ha inoltre implementato il suo <strong><a href=\"https:\/\/www.reuters.com\/article\/russia-military-kaliningrad-idUSKBN28H1B8\" target=\"_blank\" rel=\"noopener\">sistema difensivo<\/a> nell\u2019enclave di Kaliningrad<\/strong> con sistemi di difesa missilistica S-300 e S-400, la cosiddetta <strong>\u201cbolla\u201d A2\/AD (<\/strong><\/span><strong><i>Anti-Access\/Area Denial<\/i><\/strong><span style=\"font-weight: 400;\"><strong>),<\/strong> contribuendo a rendere meno accessibile in caso di crisi il gi\u00e0 fragile<strong>\u00a0<\/strong><\/span><strong><i>Suwalki Gap<\/i><\/strong><span style=\"font-weight: 400;\"> tra Polonia e Lituania.<\/span><\/p>\n<p><span style=\"font-weight: 400;\">Un altro aspetto da sottolineare riguarda <strong>la questione energetica<\/strong>, e gli svariati tentativi da parte delle Repubbliche baltiche, in particolare della Lituania, di ridurre la dipendenza dal Cremlino. In questo contesto si inserisce l\u2019apprensione di Mosca causata dalla presenza militare della Nato negli Stati baltici, accresciuta nel 2016 con <\/span><a href=\"https:\/\/shape.nato.int\/resources\/site16187\/General\/factsheets\/factsheet_efp_2021.pdf\" target=\"_blank\" rel=\"noopener\"><strong><i>l\u2019Enhanced Forward Presence<\/i><\/strong><\/a><span style=\"font-weight: 400;\">, al fine di garantire la sicurezza dei tre Alleati.\u00a0<\/span><\/p>\n<p><b>La guerra ibrida della Russia<br \/>\n<\/b><span style=\"font-weight: 400;\">Nel 2014, l\u2019annessione della Crimea da parte della Russia ha aumentato ulteriormente i timori della Nato e dell\u2019Ue sul rischio di <strong>potenziali invasioni militari delle Repubbliche baltiche<\/strong> da parte della Federazione, a causa delle minoranze russofone presenti tra le loro popolazioni. Inoltre, resta evidente la vulnerabilit\u00e0 di tali gruppi nei confronti delle campagne sovversive di Mosca, spesso compiute pilotando l\u2019informazione attraverso il controllo dei media, un concetto noto come <\/span><strong><i>guerra ibrida<\/i><\/strong><span style=\"font-weight: 400;\"><strong>.<\/strong> In tal contesto, la guerra ibrida condotta dalla Russia implicherebbe quindi un\u2019ingerenza su pi\u00f9 fronti, dalla dimensione militare alla propaganda, agli attacchi ai sistemi informatici.\u00a0<\/span><\/p>\n<p><span style=\"font-weight: 400;\"><strong>La minaccia cibernetica<\/strong> rimane una questione impellente per la sicurezza dei Paesi baltici, in particolare a seguito dell\u2019infiltrazione russa del 2007 nel sistema bancario estone, successivamente rinominata <\/span><strong><i>Web War I<\/i><\/strong><span style=\"font-weight: 400;\">. Nonostante il coinvolgimento del Cremlino non sia stato definitivamente confermato, in seguito all\u2019attacco l\u2019Estonia ha preso l\u2019iniziativa per la creazione del <\/span><strong><i>Nato Cooperative Cyber Defence Centre of Excellence<\/i><\/strong><span style=\"font-weight: 400;\"><strong> (Ccd Coe)<\/strong> di Tallinn, le cui attivit\u00e0 rappresentano un valido contributo per <\/span><a href=\"https:\/\/www.iai.it\/en\/pubblicazioni\/la-difesa-cibernetica-nei-paesi-nato-modelli-confronto\" target=\"_blank\" rel=\"noopener\"><span style=\"font-weight: 400;\">l\u2019Alleanza<\/span><\/a><span style=\"font-weight: 400;\"> e i suoi membri nell\u2019ambito della difesa cibernetica.<\/span><\/p>\n<p><b>Garantire lo status quo come priorit\u00e0 comune<br \/>\n<\/b><span style=\"font-weight: 400;\">Alla luce delle recenti<strong> tensioni in Bielorussia<\/strong> e della pi\u00f9 attuale crisi con l\u2019Unione europea, legata all\u2019arresto dell\u2019oppositore di Putin<strong> Alexei Navalny<\/strong>, appare opportuno pensare che evitare un\u2019escalation delle r<\/span><a href=\"https:\/\/www.archivio-affarinternazionali.it\/archivio\/2020\/12\/la-nato-e-la-rivalita-sistemica-con-russia-e-cina\/\" target=\"_blank\" rel=\"noopener\"><span style=\"font-weight: 400;\">ivalit\u00e0 tra Nato e Russia<\/span><\/a><span style=\"font-weight: 400;\"> costituisca una priorit\u00e0 comune ad entrambe le parti. In particolare, la tensione nel Baltico resta una questione di primaria importanza per la Nato, e una preziosa occasione per riaffermare il peso dell\u2019Alleanza in <strong>uno scenario internazionale sempre pi\u00f9 precario<\/strong>. In questo scenario, sar\u00e0 determinante il cambiamento di rotta del presidente <strong>Joe Biden<\/strong> rispetto al suo predecessore Donald Trump, sia in merito alla Nato che al <strong>ruolo degli Stati Uniti all\u2019interno dell\u2019Alleanza.<\/strong> L\u2019amministrazione democratica ha infatti rinnovato il suo impegno incondizionato nel garantire la sicurezza degli <\/span><a href=\"https:\/\/www.archivio-affarinternazionali.it\/archivio\/2021\/02\/tutti-gli-occhi-sugli-stati-uniti-alla-ministeriale-nato\/\" target=\"_blank\" rel=\"noopener\"><span style=\"font-weight: 400;\">Alleati<\/span><\/a><span style=\"font-weight: 400;\">, in primis le Repubbliche baltiche, sulla base della clausola di difesa collettiva enunciata nel<strong>l\u2019articolo 5 del Trattato di Washington.<\/strong>\u00a0<\/span><\/p>\n<p><span style=\"font-weight: 400;\">In ambito europeo, Biden ha mostrato inoltre una ferma opposizione al gasdotto <\/span><strong><i>Nord Stream 2<\/i><\/strong><span style=\"font-weight: 400;\">, il quale favorirebbe una maggiore dipendenza energetica dalla Russia e la possibilit\u00e0 per quest\u2019ultima di esercitare pressioni sui partner europei. Con il supporto dell\u2019amministrazione Biden, nel prossimo futuro gli Alleati dovranno quindi cercare di favorire una maggiore coesione interna ed esterna, sia a livello Nato che con i maggiori partner dell\u2019Alleanza, al fine di rinnovare le <\/span><a href=\"https:\/\/www.archivio-affarinternazionali.it\/archivio\/2021\/01\/biden-e-putin-invertono-la-rotta-sul-disarmo\/\" target=\"_blank\" rel=\"noopener\"><span style=\"font-weight: 400;\">relazioni con la Russia<\/span><\/a><span style=\"font-weight: 400;\"> su tematiche quali il <\/span><a href=\"https:\/\/www.archivio-affarinternazionali.it\/archivio\/2021\/02\/lanno-zero-delle-politiche-nato-di-controllo-e-riduzione-degli-armamenti\/\" target=\"_blank\" rel=\"noopener\"><span style=\"font-weight: 400;\">controllo degli armamenti e<\/span><\/a><span style=\"font-weight: 400;\"> lo sviluppo di nuove tecnologie potenzialmente dirompenti<\/span><span style=\"font-weight: 400;\">.\u00a0<\/span><\/p>\n<p>***<\/p>\n<p><small><strong><a href=\"https:\/\/www.archivio-affarinternazionali.it\/archivio\/category\/news\/cara-ai-ti-scrivo\/\" target=\"_blank\" rel=\"noopener\">\u201cCara AI Ti Scrivo\u201d<\/a><\/strong>\u00a0\u00e8 la rubrica che offre ai pi\u00f9 giovani (studenti, laureandi, neolaureati e stagisti) la possibilit\u00e0 di cimentarsi con analisi e commenti sulla politica internazionale. Mandateci le vostre proposte:\u00a0<a href=\"mailto:affarinternazionali@iai.it\" target=\"_blank\" rel=\"noopener\">affarinternazionali@iai.it<\/a>.<\/small><\/p>\n","protected":false},"excerpt":{"rendered":"<p>Quanto \u00e8 solido l\u2019equilibrio attuale nei Paesi baltici? Anche negli ultimi anni la relazione tra la Nato e la Russia \u00e8 stata spesso caratterizzata da momenti di tensione, in particolare lungo le coste del mar Baltico. Da un lato, la Russia si sente minacciata dall\u2019espansione e rafforzamento ad Est dell\u2019Alleanza, mentre dall\u2019altro, la Nato condanna [&hellip;]<\/p>\n","protected":false},"author":39,"featured_media":87355,"comment_status":"closed","ping_status":"closed","sticky":false,"template":"","format":"standard","meta":{"footnotes":""},"categories":[2235],"tags":[2921,82,100,108,533,735,140],"_links":{"self":[{"href":"https:\/\/www.archivio-affarinternazionali.it\/archivio\/wp-json\/wp\/v2\/posts\/87351"}],"collection":[{"href":"https:\/\/www.archivio-affarinternazionali.it\/archivio\/wp-json\/wp\/v2\/posts"}],"about":[{"href":"https:\/\/www.archivio-affarinternazionali.it\/archivio\/wp-json\/wp\/v2\/types\/post"}],"author":[{"embeddable":true,"href":"https:\/\/www.archivio-affarinternazionali.it\/archivio\/wp-json\/wp\/v2\/users\/39"}],"replies":[{"embeddable":true,"href":"https:\/\/www.archivio-affarinternazionali.it\/archivio\/wp-json\/wp\/v2\/comments?post=87351"}],"version-history":[{"count":5,"href":"https:\/\/www.archivio-affarinternazionali.it\/archivio\/wp-json\/wp\/v2\/posts\/87351\/revisions"}],"predecessor-version":[{"id":87518,"href":"https:\/\/www.archivio-affarinternazionali.it\/archivio\/wp-json\/wp\/v2\/posts\/87351\/revisions\/87518"}],"wp:featuredmedia":[{"embeddable":true,"href":"https:\/\/www.archivio-affarinternazionali.it\/archivio\/wp-json\/wp\/v2\/media\/87355"}],"wp:attachment":[{"href":"https:\/\/www.archivio-affarinternazionali.it\/archivio\/wp-json\/wp\/v2\/media?parent=87351"}],"wp:term":[{"taxonomy":"category","embeddable":true,"href":"https:\/\/www.archivio-affarinternazionali.it\/archivio\/wp-json\/wp\/v2\/categories?post=87351"},{"taxonomy":"post_tag","embeddable":true,"href":"https:\/\/www.archivio-affarinternazionali.it\/archivio\/wp-json\/wp\/v2\/tags?post=87351"}],"curies":[{"name":"wp","href":"https:\/\/api.w.org\/{rel}","templated":true}]}}