{"id":87662,"date":"2021-04-12T00:18:35","date_gmt":"2021-04-11T22:18:35","guid":{"rendered":"https:\/\/www.archivio-affarinternazionali.it\/archivio\/?p=87662"},"modified":"2021-04-14T01:39:15","modified_gmt":"2021-04-13T23:39:15","slug":"litalia-e-ia-difesa-missilistica-delleuropa","status":"publish","type":"post","link":"https:\/\/www.archivio-affarinternazionali.it\/archivio\/2021\/04\/litalia-e-ia-difesa-missilistica-delleuropa\/","title":{"rendered":"L&#8217;Italia e Ia difesa missilistica dell&#8217;Europa"},"content":{"rendered":"<p>La <strong>difesa missilistica dell\u2019<\/strong><strong>Europa<\/strong> si trova ad affrontare una forte accelerazione tecnologica dei sistemi d\u2019arma, compresi quelli <strong>ipersonici<\/strong>, nel quadro di un <strong>rinnovato confronto geopolitico<\/strong> <strong>tra potenze globali e regionali<\/strong>. Per i Paesi europei, l\u2019integrazione degli assetti nazionali nell\u2019<strong>architettura Nato <\/strong>e la <strong>cooperazione nel quadro<\/strong> <strong>Ue<\/strong> per lo sviluppo congiunto di nuove capacit\u00e0 rappresentano la strada da percorrere. Una strada che presenta sia sfide che opportunit\u00e0 per l\u2019<strong>Italia <\/strong>dal punto di vista militare e industriale.<\/p>\n<p>Il nuovo studio IAI \u201c<a href=\"https:\/\/www.iai.it\/it\/pubblicazioni\/europes-missile-defence-and-italy-capabilities-and-cooperation\" target=\"_blank\" rel=\"noopener\">Europe&#8217;s Missile Defence and Italy: Capabilities and Cooperation<\/a>\u201d (che abbiamo anticipato <a href=\"https:\/\/www.archivio-affarinternazionali.it\/archivio\/2021\/04\/il-ruolo-della-difesa-missilistica-per-litalia\/\">qui<\/a> su AffarInternazionali) affronta questi e altri aspetti di una tematica articolata ed in evoluzione. Lo studio \u00e8 stato discusso nel <a href=\"https:\/\/www.iai.it\/it\/video\/la-difesa-missilistica-leuropa-e-litalia\" target=\"_blank\" rel=\"noopener\">webinar svoltosi mercoled\u00ec 7 aprile<\/a>\u00a0con la partecipazione del ministro della Difesa <strong>Lorenzo<\/strong> <strong>Guerini<\/strong>, del capo di Stato Maggiore della Difesa <strong>Enzo<\/strong> <strong>Vecciarelli<\/strong>, dell\u2019amministratore delegato di Leonardo Alessandro <strong>Profumo<\/strong>, del Presidente dell\u2019Aiad <strong>Guido<\/strong> <strong>Crosetto <\/strong>e dell\u2019amministratore delegato di Mbda Italia <strong>Lorenzo<\/strong> <strong>Mariani<\/strong>. L&#8217;evento, moderato dalla direttrice di Airpress e Formiche <strong>Flavia<\/strong> <strong>Giacobbe<\/strong>,\u00a0si \u00e8 svolto in modalit\u00e0 mista &#8211; virtuale e in presenza, secondo tutte le misure di sicurezza del caso &#8211; ed \u00e8 stato il primo nella nuova sede dello IAI in via dei Montecatini a Roma.<\/p>\n<p>Tra i punti maggiormente discussi, <strong>l\u2019alta priorit\u00e0 da attribuire alla difesa missilistica nel quadro euro-atlantico ed italiano<\/strong>, alla luce del peggioramento del quadro strategico, da accompagnare ad un rinnovato sforzo in termini di accordi internazionali di non proliferazione e controllo degli armamenti.<\/p>\n<p>Attualmente i sistemi offensivi godono di un vantaggio tecnologico con le nuove tecnologie ipersoniche, e risultano relativamente meno costosi dei sistemi di difesa necessari per contrastarle. Ci\u00f2 aumenta la necessit\u00e0 di cooperare tra Paesi europei, in primo luogo tramite il <a href=\"https:\/\/www.archivio-affarinternazionali.it\/archivio\/2021\/04\/il-ruolo-della-difesa-missilistica-per-litalia\/\" target=\"_blank\" rel=\"noopener\"><strong>progetto Twister<\/strong> nella Permament Structured Cooperation (Pesco) dell&#8217;Ue<\/a>, per mettere a fattor comune capacit\u00e0 industriali ed investimenti governativi.<\/p>\n<p>Le capacit\u00e0 in cantiere europeo dovranno essere perfettamente integrabili nell\u2019architettura di <em>Integrated Air and Missile Defence<\/em> Nato, l\u2019unica in grado di assicurare la deterrenza e difesa collettiva dell\u2019Europa.<\/p>\n<p>Si tratta di una <strong>sfida tecnologica, militare e politica<\/strong> a fronte della quale \u00e8 necessaria una maggiore cooperazione e integrazione a tutti i livelli, da quello interforze rispetto alle singole Forze armate, al sistema-Paese italiano, al quadro Ue e Nato.<\/p>\n<p><a href=\"https:\/\/www.archivio-affarinternazionali.it\/archivio\/2021\/04\/difesa-missilistica-guerini\/\" target=\"_blank\" rel=\"noopener\"><strong>L&#8217;INTERVENTO DEL MINISTRO DELLA DIFESA LORENZO GUERINI<\/strong><\/a><\/p>\n<p><a href=\"https:\/\/www.archivio-affarinternazionali.it\/archivio\/2021\/04\/difesa-missilistica-pronti-a-fronteggiare-le-nuove-minacce\/\" target=\"_blank\" rel=\"noopener\"><strong>L&#8217;INTERVENTO DEL CAPO DI STATO MAGGIORE DELLA DIFESA ENZO VECCIARELLI<\/strong><\/a><\/p>\n<p><a href=\"https:\/\/www.archivio-affarinternazionali.it\/archivio\/2021\/04\/difesa-missilistica-profumo\/\" target=\"_blank\" rel=\"noopener\"><strong>L&#8217;INTERVENTO DELL&#8217;AMMINISTRATORE DELEGATO DI LEONARDO ALESSANDRO PROFUMO<\/strong><\/a><\/p>\n<p><img loading=\"lazy\" decoding=\"async\" class=\"alignnone wp-image-82932\" src=\"https:\/\/www.archivio-affarinternazionali.it\/archivio\/wp-content\/uploads\/2021\/04\/D30A1166.jpg\" alt=\"\" width=\"250\" height=\"188\" \/> <img loading=\"lazy\" decoding=\"async\" class=\"alignnone wp-image-82933\" src=\"https:\/\/www.archivio-affarinternazionali.it\/archivio\/wp-content\/uploads\/2021\/04\/D30A1295.jpg\" alt=\"\" width=\"250\" height=\"188\" \/> <img loading=\"lazy\" decoding=\"async\" class=\"alignnone wp-image-82934\" src=\"https:\/\/www.archivio-affarinternazionali.it\/archivio\/wp-content\/uploads\/2021\/04\/D30A1334.jpg\" alt=\"\" width=\"250\" height=\"188\" \/> <img loading=\"lazy\" decoding=\"async\" class=\"alignnone wp-image-82936\" src=\"https:\/\/www.archivio-affarinternazionali.it\/archivio\/wp-content\/uploads\/2021\/04\/D30A1244.jpg\" alt=\"\" width=\"250\" height=\"188\" \/> <img loading=\"lazy\" decoding=\"async\" class=\"alignnone wp-image-82968\" src=\"https:\/\/www.archivio-affarinternazionali.it\/archivio\/wp-content\/uploads\/2021\/04\/D30A1254.jpg\" alt=\"\" width=\"250\" height=\"188\" \/>\u00a0<img loading=\"lazy\" decoding=\"async\" class=\"alignnone wp-image-82937\" src=\"https:\/\/www.archivio-affarinternazionali.it\/archivio\/wp-content\/uploads\/2021\/04\/D30A1287.jpg\" alt=\"\" width=\"250\" height=\"188\" \/>\u00a0<img loading=\"lazy\" decoding=\"async\" class=\"alignnone wp-image-82939\" src=\"https:\/\/www.archivio-affarinternazionali.it\/archivio\/wp-content\/uploads\/2021\/04\/D30A1217.jpg\" alt=\"\" width=\"250\" height=\"188\" \/> <img loading=\"lazy\" decoding=\"async\" class=\"alignnone wp-image-82940\" src=\"https:\/\/www.archivio-affarinternazionali.it\/archivio\/wp-content\/uploads\/2021\/04\/D30A1456.jpg\" alt=\"\" width=\"250\" height=\"188\" \/>\u00a0<img loading=\"lazy\" decoding=\"async\" class=\"alignnone wp-image-82938\" src=\"https:\/\/www.archivio-affarinternazionali.it\/archivio\/wp-content\/uploads\/2021\/04\/D30A1446.jpg\" alt=\"\" width=\"250\" height=\"188\" \/><br \/>\n<img loading=\"lazy\" decoding=\"async\" class=\"alignnone wp-image-82937\" src=\"https:\/\/www.archivio-affarinternazionali.it\/archivio\/wp-content\/uploads\/2021\/04\/D30A1454.jpg\" alt=\"\" width=\"250\" height=\"188\" \/>\u00a0<img loading=\"lazy\" decoding=\"async\" class=\"alignnone wp-image-82939\" src=\"https:\/\/www.archivio-affarinternazionali.it\/archivio\/wp-content\/uploads\/2021\/04\/D30A1423.jpg\" alt=\"\" width=\"250\" height=\"188\" \/> <img loading=\"lazy\" decoding=\"async\" class=\"alignnone wp-image-82940\" src=\"https:\/\/www.archivio-affarinternazionali.it\/archivio\/wp-content\/uploads\/2021\/04\/D30A1392.jpg\" alt=\"\" width=\"250\" height=\"188\" \/><\/p>\n","protected":false},"excerpt":{"rendered":"<p>La difesa missilistica dell\u2019Europa si trova ad affrontare una forte accelerazione tecnologica dei sistemi d\u2019arma, compresi quelli ipersonici, nel quadro di un rinnovato confronto geopolitico tra potenze globali e regionali. Per i Paesi europei, l\u2019integrazione degli assetti nazionali nell\u2019architettura Nato e la cooperazione nel quadro Ue per lo sviluppo congiunto di nuove capacit\u00e0 rappresentano la [&hellip;]<\/p>\n","protected":false},"author":22,"featured_media":87656,"comment_status":"closed","ping_status":"closed","sticky":false,"template":"","format":"standard","meta":{"footnotes":""},"categories":[9],"tags":[2967,82,2953,1919,1176,2966,866,100,2965,432,2964],"_links":{"self":[{"href":"https:\/\/www.archivio-affarinternazionali.it\/archivio\/wp-json\/wp\/v2\/posts\/87662"}],"collection":[{"href":"https:\/\/www.archivio-affarinternazionali.it\/archivio\/wp-json\/wp\/v2\/posts"}],"about":[{"href":"https:\/\/www.archivio-affarinternazionali.it\/archivio\/wp-json\/wp\/v2\/types\/post"}],"author":[{"embeddable":true,"href":"https:\/\/www.archivio-affarinternazionali.it\/archivio\/wp-json\/wp\/v2\/users\/22"}],"replies":[{"embeddable":true,"href":"https:\/\/www.archivio-affarinternazionali.it\/archivio\/wp-json\/wp\/v2\/comments?post=87662"}],"version-history":[{"count":10,"href":"https:\/\/www.archivio-affarinternazionali.it\/archivio\/wp-json\/wp\/v2\/posts\/87662\/revisions"}],"predecessor-version":[{"id":87730,"href":"https:\/\/www.archivio-affarinternazionali.it\/archivio\/wp-json\/wp\/v2\/posts\/87662\/revisions\/87730"}],"wp:featuredmedia":[{"embeddable":true,"href":"https:\/\/www.archivio-affarinternazionali.it\/archivio\/wp-json\/wp\/v2\/media\/87656"}],"wp:attachment":[{"href":"https:\/\/www.archivio-affarinternazionali.it\/archivio\/wp-json\/wp\/v2\/media?parent=87662"}],"wp:term":[{"taxonomy":"category","embeddable":true,"href":"https:\/\/www.archivio-affarinternazionali.it\/archivio\/wp-json\/wp\/v2\/categories?post=87662"},{"taxonomy":"post_tag","embeddable":true,"href":"https:\/\/www.archivio-affarinternazionali.it\/archivio\/wp-json\/wp\/v2\/tags?post=87662"}],"curies":[{"name":"wp","href":"https:\/\/api.w.org\/{rel}","templated":true}]}}