{"id":87682,"date":"2021-04-09T07:09:42","date_gmt":"2021-04-09T05:09:42","guid":{"rendered":"https:\/\/www.archivio-affarinternazionali.it\/archivio\/?p=87682"},"modified":"2021-04-09T13:28:50","modified_gmt":"2021-04-09T11:28:50","slug":"lipotetica-formazione-di-orban-salvini-e-morawiecki-e-ancora-ai-nastri-di-partenza","status":"publish","type":"post","link":"https:\/\/www.archivio-affarinternazionali.it\/archivio\/2021\/04\/lipotetica-formazione-di-orban-salvini-e-morawiecki-e-ancora-ai-nastri-di-partenza\/","title":{"rendered":"L&#8217;ipotetica formazione di Orb\u00e1n, Salvini e Morawiecki \u00e8 ancora ai nastri di partenza"},"content":{"rendered":"<p>Dopo l\u2019ufficializzazione della <a href=\"https:\/\/www.archivio-affarinternazionali.it\/archivio\/2021\/03\/orban-parlamento-ppe\/\" target=\"_blank\" rel=\"noopener\">fine del rapporto fra il suo <strong>Fidesz<\/strong> e il <strong>Partito popolare europeo<\/strong> (Ppe)<\/a>, il primo ministro ungherese <strong>Viktor Orb\u00e1n<\/strong> aveva annunciato alla radio pubblica l\u2019intenzione di incontrare il suo omologo polacco <strong>Mateusz Morawiecki<\/strong> e il leader della Lega <strong>Matteo Salvini<\/strong>\u00a0per discutere insieme circa la creazione di un nuovo partito nazionalista europeo.<\/p>\n<p>In un primo momento, Salvini aveva premesso di avere per ora altre priorit\u00e0, quali i vaccini e i rimborsi per gli italiani. Di fatto, comunque, l\u2019incontro ha avuto luogo la settimana scorsa a Budapest ed \u00e8 stato proprio l\u2019italiano a parlare di \u201c<strong>Rinascimento europeo<\/strong>\u201d, un\u2019espressione che a quanto pare ha conquistato il premier polacco. Salvini si \u00e8 riferito ad un\u2019Europa che \u201cnon usa l\u2019arma del ricatto contro le scelte nazionali\u201d; gli ha fatto eco il padrone di casa secondo il quale \u00e8 necessario impegnarsi per la difesa dei \u201c<strong>valori della famiglia tradizionale<\/strong>, dell\u2019anticomunismo e della <strong>lotta all\u2019immigrazione illegale<\/strong> e all\u2019antisemitismo\u201d.<\/p>\n<p>I tre concordano su questi punti e Morawiecki e Salvini si dicono in sintonia con Orb\u00e1n, che cerca di rilanciare la <strong>\u201clotta\u201d per la tutela dei valori nazionali<\/strong> che il Ppe, a sua detta, non poteva pi\u00f9 garantire. Per il primo ministro ungherese, infatti, presso i popolari prevalgono ormai tendenze liberali e di sinistra che non sono congeniali al Fidesz e alla difesa dell\u2019identit\u00e0 europea che per il leader ungherese \u00e8 comunque eminentemente cristiana. A suo avviso, oggi ci sono milioni di cittadini europei rimasti senza rappresentanza data la mutazione del Ppe. Per Salvini \u00e8 necessario creare un nuovo riferimento politico e culturale europeo che sia alternativo alla sinistra.<\/p>\n<p><strong>Una collocazione pi\u00f9 consona in Europa<\/strong><br \/>\nDalla <a href=\"https:\/\/www.archivio-affarinternazionali.it\/archivio\/2019\/05\/ungheria-orban-ppe-trump\/\" target=\"_blank\" rel=\"noopener\">sospensione di Fidesz<\/a> avvenuta nella primavera del 2019, Orb\u00e1n si era pi\u00f9 volte espresso pubblicamente sulla necessit\u00e0, per il suo partito, di cercare <strong>una collocazione a esso pi\u00f9 consona in Europa<\/strong>, spingendosi fino all\u2019ipotesi di creare un soggetto nuovo con forze amiche. \u00c8 facile immaginare che Orb\u00e1n pensasse ad una posizione di punta del suo partito in un progetto del genere di cui si fa promotore. Occorre vedere quanto i suoi interlocutori italiani e polacchi condividano questo schema e la possibile prospettiva di una posizione egemone di Fidesz in un simile gruppo.<\/p>\n<p>A parte questo, \u00e8 lecito interrogarsi su quale possa essere l\u2019accoglienza di questo <strong>per ora ipotetico soggetto, a livello europeo<\/strong>, quale lo spazio che potr\u00e0 avere considerando anche il fatto che i moderati troveranno nel Ppe un riferimento pi\u00f9 rassicurante e in maggior sintonia con i principi dell\u2019Ue. In che modo, poi, si porr\u00e0 rispetto al gruppo, l&#8217;<strong>Ecr<\/strong> (<strong>Conservatori e riformisti europei<\/strong>) cui appartiene il PiS e che \u00e8 casa anche dei Fratelli d&#8217;Italia di Giorgia Meloni?<\/p>\n<p><strong>Il racconto della stampa<\/strong><br \/>\nAl di l\u00e0 delle ipotesi, \u00e8 interessante vedere come la stampa ungherese e quella polacca hanno raccontato l\u2019incontro e il progetto ad esso relativo. \u201cOrb\u00e1n, Morawiecki e Salvini vogliono di comune accordo un rinascimento europeo\u201d, ha titolato il quotidiano ungherese di opposizione N\u00e9pszava nella sua esposizione dei fatti in cui ha riportato la dichiarazione del premier di Budapest secondo la quale le parti incontratesi nella capitale ungherese vogliono dire no alla \u201ccensura, all\u2019impero europeo e di Bruxelles\u201d oltre che al comunismo, all\u2019immigrazione illegale e all\u2019antisemitismo gi\u00e0 precedentemente citati.<\/p>\n<p>Il giornale ha poi scritto che Morawiecki prevede <strong>un\u2019\u201cEuropa forte\u201d come parte dell\u2019Alleanza atlantica<\/strong> &#8211; aspetto di grande rilevanza per i polacchi in funzione anti-russa &#8211; e riportato una sua dichiarazione secondo la quale \u201cCi sono forze che vogliono \u2018appropriarsi\u2019 dell\u2019Europa. Si tratta di forze estranee all\u2019Europa delle tradizioni cristiane\u201d. Il quotidiano ungherese filogovernativo Magyar Nemzet ha scritto che la stampa italiana ha dedicato ampio spazio all\u2019incontro e menzionato il vicesegretario del Pd Peppe Provenzano che su Rainews 24 avrebbe definito il vertice un grave errore.<\/p>\n<p>Subito dopo l\u2019incontro Gazeta Wyborcza, principale quotidiano polacco, fondato nel 1989 da Adam Michnik, gi\u00e0 figura di spicco del movimento Solidarno\u015b\u0107, ha citato una frase di Morawiecki che suona come una dichiarazione d\u2019intenti: \u201cL\u2019Europa \u00e8 a un bivio, noi vogliamo aiutarla\u201d.<\/p>\n<p><small>Foto di copertina EPA\/SZILARD KOSZTICSAK HUNGARY OUT <\/small><\/p>\n","protected":false},"excerpt":{"rendered":"<p>Dopo l\u2019ufficializzazione della fine del rapporto fra il suo Fidesz e il Partito popolare europeo (Ppe), il primo ministro ungherese Viktor Orb\u00e1n aveva annunciato alla radio pubblica l\u2019intenzione di incontrare il suo omologo polacco Mateusz Morawiecki e il leader della Lega Matteo Salvini\u00a0per discutere insieme circa la creazione di un nuovo partito nazionalista europeo. In [&hellip;]<\/p>\n","protected":false},"author":22,"featured_media":87683,"comment_status":"closed","ping_status":"closed","sticky":false,"template":"","format":"standard","meta":{"footnotes":""},"categories":[9],"tags":[1563,96,1149,2626,532,1896,150,1285,185],"_links":{"self":[{"href":"https:\/\/www.archivio-affarinternazionali.it\/archivio\/wp-json\/wp\/v2\/posts\/87682"}],"collection":[{"href":"https:\/\/www.archivio-affarinternazionali.it\/archivio\/wp-json\/wp\/v2\/posts"}],"about":[{"href":"https:\/\/www.archivio-affarinternazionali.it\/archivio\/wp-json\/wp\/v2\/types\/post"}],"author":[{"embeddable":true,"href":"https:\/\/www.archivio-affarinternazionali.it\/archivio\/wp-json\/wp\/v2\/users\/22"}],"replies":[{"embeddable":true,"href":"https:\/\/www.archivio-affarinternazionali.it\/archivio\/wp-json\/wp\/v2\/comments?post=87682"}],"version-history":[{"count":1,"href":"https:\/\/www.archivio-affarinternazionali.it\/archivio\/wp-json\/wp\/v2\/posts\/87682\/revisions"}],"predecessor-version":[{"id":87684,"href":"https:\/\/www.archivio-affarinternazionali.it\/archivio\/wp-json\/wp\/v2\/posts\/87682\/revisions\/87684"}],"wp:featuredmedia":[{"embeddable":true,"href":"https:\/\/www.archivio-affarinternazionali.it\/archivio\/wp-json\/wp\/v2\/media\/87683"}],"wp:attachment":[{"href":"https:\/\/www.archivio-affarinternazionali.it\/archivio\/wp-json\/wp\/v2\/media?parent=87682"}],"wp:term":[{"taxonomy":"category","embeddable":true,"href":"https:\/\/www.archivio-affarinternazionali.it\/archivio\/wp-json\/wp\/v2\/categories?post=87682"},{"taxonomy":"post_tag","embeddable":true,"href":"https:\/\/www.archivio-affarinternazionali.it\/archivio\/wp-json\/wp\/v2\/tags?post=87682"}],"curies":[{"name":"wp","href":"https:\/\/api.w.org\/{rel}","templated":true}]}}