{"id":87903,"date":"2021-04-26T07:12:06","date_gmt":"2021-04-26T05:12:06","guid":{"rendered":"https:\/\/www.archivio-affarinternazionali.it\/archivio\/?p=87903"},"modified":"2021-04-26T07:44:59","modified_gmt":"2021-04-26T05:44:59","slug":"dopo-cotonou-ue-e-acp-alla-ricerca-di-un-nuovo-multilateralismo","status":"publish","type":"post","link":"https:\/\/www.archivio-affarinternazionali.it\/archivio\/2021\/04\/dopo-cotonou-ue-e-acp-alla-ricerca-di-un-nuovo-multilateralismo\/","title":{"rendered":"Dopo Cotonou: Ue e Acp alla ricerca di un nuovo multilateralismo\u00a0"},"content":{"rendered":"<p><span style=\"font-weight: 400;\">La <\/span><a href=\"https:\/\/ec.europa.eu\/commission\/commissioners\/2019-2024\/urpilainen\/announcements\/speech-commissioner-urpilainen-initialling-ceremony-euafrica-caribbean-pacific-partnership-agreement_en\" target=\"_blank\" rel=\"noopener\"><span style=\"font-weight: 400;\">cerimonia di firma<\/span><\/a><span style=\"font-weight: 400;\"> del <strong>nuovo accordo fra l\u2019Unione europea e l\u2019Organizzazione dei Paesi di Africa, Caraibi e Pacifico<\/strong> (<a href=\"http:\/\/www.acp.int\/content\/organisation-african-caribbean-and-pacific-states-hosts-extraordinary-intersessional-summit-\" target=\"_blank\" rel=\"noopener\">Oacps<\/a>) dello scorso 15 aprile segna un passaggio decisivo nel lungo processo negoziale che ha portato al rinnovo di uno dei <strong>pi\u00f9 importanti accordi internazionali dell\u2019Ue<\/strong>. <\/span><\/p>\n<p><span style=\"font-weight: 400;\"><a href=\"https:\/\/www.consilium.europa.eu\/it\/policies\/cotonou-agreement\/\" target=\"_blank\" rel=\"noopener\">L\u2019Accordo di Partnership di Cotonou<\/a> ha infatti regolato per oltre 20 anni i rapporti fra l\u2019Unione e molti partner chiave, specialmente in Africa, in materie come la cooperazione allo sviluppo e le relazioni commerciali. <\/span><a href=\"https:\/\/www.archivio-affarinternazionali.it\/archivio\/2021\/01\/il-2021-portera-un-nuovo-accordo-fra-ue-e-paesi-del-gruppo-acp\/\" target=\"_blank\" rel=\"noopener\"><span style=\"font-weight: 400;\">L\u2019accordo politico raggiunto a dicembre<\/span><\/a><span style=\"font-weight: 400;\"> aveva gi\u00e0 evidenziato i principali tratti della nuova collaborazione. Il testo della nuova intesa siglata dai principali negoziatori, <strong>Jutta Urpilainen,<\/strong>\u00a0commissario Ue per le Partnership internazionali, e <strong>Robert Dussey<\/strong>, ministro degli Esteri del Togo, restituisce un accordo che ambisce ad essere <strong>comprensivo e pi\u00f9 politico<\/strong>. Molto dipender\u00e0 ovviamente dalle sorti del lungo processo di ratifica, che si svolger\u00e0 nei prossimi mesi, e dall\u2019implementazione delle disposizioni.<\/span><\/p>\n<p><span style=\"font-weight: 400;\">Come da previsioni, l\u2019Accordo presenta una prima parte che enuncia i principi della nuova intesa, mentre le relazioni con le tre regioni componenti il gruppo dei paesi Acp sono regolate nel dettaglio da dei Protocolli Regionali. L\u2019intesa quadro \u00e8 chiamata a ricomporre <strong>le divisioni fra le parti su temi sensibili<\/strong> dal punto di vista politico, <\/span><a href=\"https:\/\/www.dw.com\/en\/post-cotonou-eu-reaches-agreement-with-african-caribbean-and-pacific-states\/a-57220259\" target=\"_blank\" rel=\"noopener\"><span style=\"font-weight: 400;\">come le migrazioni, il rispetto dei diritti umani e le tematiche legate agli orientamenti sessuali<\/span><\/a><span style=\"font-weight: 400;\">. L\u2019obiettivo \u00e8 stato quello di mitigare queste divergenze trovando un compromesso, ma allo stesso tempo ampliando il raggio d\u2019azione della cooperazione e includendo tematiche care ad entrambe le parti, come <strong>la lotta al cambiamento climatico<\/strong>. <\/span><\/p>\n<p><span style=\"font-weight: 400;\">Le priorit\u00e0 strategiche riconosciute dal nuovo Accordo sono dunque <strong>diritti umani, democrazia e governance;<\/strong> pace e sicurezza; sviluppo umano e sociale; crescita e sviluppo inclusivi e sostenibili; sostenibilit\u00e0 ambientale e cambiamento climatico; <strong>migrazioni e mobilit\u00e0<\/strong>; alleanze globali e<strong> cooperazione internazionale.<\/strong><\/span><\/p>\n<p><strong>Il contenuto del nuovo Accordo<br \/>\n<\/strong><span style=\"font-weight: 400;\">Come gi\u00e0 accaduto con la proposta europea dello scorso anno di una <\/span><a href=\"https:\/\/www.archivio-affarinternazionali.it\/archivio\/2020\/03\/perche-lafrica-e-una-priorita-per-la-commissione-europea\/\" target=\"_blank\" rel=\"noopener\"><span style=\"font-weight: 400;\">Nuova Strategia con l\u2019Africa<\/span><\/a><span style=\"font-weight: 400;\">, proprio l\u2019enfasi sul rafforzamento della collaborazione fra l\u2019Ue e i partner a livello globale costituisce un tema ricorrente nei vari capitoli dell\u2019Accordo. Il <\/span><a href=\"https:\/\/ec.europa.eu\/international-partnerships\/system\/files\/negotiated-agreement-text-initialled-by-eu-oacps-chief-negotiators-20210415_en.pdf\" target=\"_blank\" rel=\"noopener\"><span style=\"font-weight: 400;\">testo<\/span><\/a><span style=\"font-weight: 400;\"> parla esplicitamente sin dall\u2019articolo 1 di una <strong>\u201cpartnership politica rafforzata\u201d\u00a0<\/strong>e ribadisce come l\u2019Accordo dovrebbe costituire la base per facilitare <strong>l\u2019assunzione di posizioni comuni<\/strong> fra le parti a livello internazionale e promuovere <strong>il sistema multilaterale.\u00a0<\/strong><\/span><\/p>\n<p><span style=\"font-weight: 400;\">Un simile impegno congiunto dovrebbe concretizzarsi tramite una pi\u00f9 stretta collaborazione, anche a livello di voto, nei principali forum multilaterali, come <strong>le Nazioni Unite,<\/strong> ma anche in un\u2019azione comune per la riforma del multilateralismo in senso pi\u00f9 inclusivo. Se il primo punto riflette l\u2019interesse europeo a trovare alleati a difesa del sistema multilaterale, il secondo risponde all\u2019esigenza di molti Paesi Acp, specialmente africani, di vedere accresciuta <strong>la propria voce a livello internazionale.<\/strong>\u00a0<\/span><\/p>\n<p><strong>Il lavoro del G20<br \/>\n<\/strong><span style=\"font-weight: 400;\">Il tema di un multilateralismo pi\u00f9 rappresentativo \u00e8 particolarmente rilevante nel nuovo contesto internazionale legato alla pandemia, in cui molte decisioni cruciali sono assunte senza <strong>un adeguato coinvolgimento di molti Paesi in via di sviluppo<\/strong>. Si pensi ad esempio al <a href=\"https:\/\/www.archivio-affarinternazionali.it\/archivio\/speciali\/la-presidenza-italiana-del-g20\/\" target=\"_blank\" rel=\"noopener\"><strong>G20<\/strong>, <strong>di cui l\u2019Italia detiene la presidenza nel 2021<\/strong><\/a>. Questo forum, nato come un club informale dei Paesi pi\u00f9 industrializzati, nell\u2019ultimo decennio ha visto aumentare la sua influenza anche in altre sfere, come quella dei <strong>finanziamenti per lo sviluppo<\/strong>, senza che questo trend venisse accompagnato da una <strong>crescita della rappresentanza dei Paesi<\/strong> su cui ricadevano tali decisioni. \u00c8 il caso in particolare dell\u2019Africa, rappresentata nel G20 da un solo Paese, <strong>il Sudafrica,<\/strong> mentre <strong>l\u2019Unione Africana \u00e8 un osservatore<\/strong> (al contrario l\u2019Ue \u00e8 membro a pieno titolo).\u00a0<\/span><\/p>\n<p><span style=\"font-weight: 400;\">Nell\u2019ultimo anno le principali decisioni su una moratoria sul debito, che hanno un impatto significativo su molti Paesi africani, sono state adottate proprio dal G20. Nell\u2019ottica di ridurre questa asimmetria, <\/span><a href=\"https:\/\/www.g20.org\/first-g20-africa-advisory-group-meeting-under-the-italian-g20-presidency.html\" target=\"_blank\" rel=\"noopener\"><span style=\"font-weight: 400;\">la prima riunione dell\u2019Africa Advisory Group del G20<\/span><\/a><span style=\"font-weight: 400;\"> dello scorso 15 aprile ha discusso delle soluzioni strutturali al <strong>problema del debito<\/strong> e degli sviluppi dei <strong>Compact per la crescita<\/strong> siglati con numerosi Paesi africani. In pi\u00f9, come proposto anche in <\/span><a href=\"https:\/\/www.iai.it\/it\/pubblicazioni\/new-multilateralism-post-covid-world-what-role-eu-africa-partnership\" target=\"_blank\" rel=\"noopener\"><span style=\"font-weight: 400;\">un paper dello European Think Tank Group<\/span><\/a><span style=\"font-weight: 400;\">, l\u2019azione multilaterale del G20 potrebbe beneficiare di maggiori sinergie fra la <strong>Financial Track del forum<\/strong> e l\u2019<strong>Advisory Group sullo Sviluppo<\/strong>: <\/span><a href=\"https:\/\/www.g20.org\/g20-sustainable-finance-working-group.html\" target=\"_blank\" rel=\"noopener\"><span style=\"font-weight: 400;\">la recente decisione<\/span><\/a><span style=\"font-weight: 400;\"> della presidenza italiana di rilanciare il <strong>Gruppo di Studio per la Finanza Sostenibile,<\/strong> affidandone il segretariato allo <a href=\"https:\/\/www.undp.org\/\" target=\"_blank\" rel=\"noopener\">Unpd,<\/a> va nella giusta direzione.<\/span><\/p>\n<p><span style=\"font-weight: 400;\">Il caso specifico del G20 dimostra quindi come il rilancio di un multilateralismo inclusivo invocato dal nuovo Accordo fra Ue e Oacps non costituisca un principio astratto, ma una necessit\u00e0 sempre pi\u00f9 stringente. Una delle questioni sul tavolo rimarr\u00e0 poi quella della <strong>coerenza e complementariet\u00e0<\/strong> fra questa intesa e le altre partnership esterne dell\u2019Ue, come ad esempio quella con l\u2019Unione africana. Le parole d\u2019ordine sembrano dunque essere<strong> partnership, multilateralismo e collaborazione<\/strong>: inizia ora il lungo percorso per concretizzarle e rendere reale una nuova relazione globale fra Europa e Organizzazione dei Paesi Acp.<\/span><\/p>\n<p><small> Foto di copertina EPA\/OLIVIER HOSLET \/ POOL <\/small><\/p>\n","protected":false},"excerpt":{"rendered":"<p>La cerimonia di firma del nuovo accordo fra l\u2019Unione europea e l\u2019Organizzazione dei Paesi di Africa, Caraibi e Pacifico (Oacps) dello scorso 15 aprile segna un passaggio decisivo nel lungo processo negoziale che ha portato al rinnovo di uno dei pi\u00f9 importanti accordi internazionali dell\u2019Ue. L\u2019Accordo di Partnership di Cotonou ha infatti regolato per oltre [&hellip;]<\/p>\n","protected":false},"author":39,"featured_media":87949,"comment_status":"closed","ping_status":"closed","sticky":false,"template":"","format":"standard","meta":{"footnotes":""},"categories":[9],"tags":[3008,2005,1452,1365,1125,140],"_links":{"self":[{"href":"https:\/\/www.archivio-affarinternazionali.it\/archivio\/wp-json\/wp\/v2\/posts\/87903"}],"collection":[{"href":"https:\/\/www.archivio-affarinternazionali.it\/archivio\/wp-json\/wp\/v2\/posts"}],"about":[{"href":"https:\/\/www.archivio-affarinternazionali.it\/archivio\/wp-json\/wp\/v2\/types\/post"}],"author":[{"embeddable":true,"href":"https:\/\/www.archivio-affarinternazionali.it\/archivio\/wp-json\/wp\/v2\/users\/39"}],"replies":[{"embeddable":true,"href":"https:\/\/www.archivio-affarinternazionali.it\/archivio\/wp-json\/wp\/v2\/comments?post=87903"}],"version-history":[{"count":4,"href":"https:\/\/www.archivio-affarinternazionali.it\/archivio\/wp-json\/wp\/v2\/posts\/87903\/revisions"}],"predecessor-version":[{"id":87958,"href":"https:\/\/www.archivio-affarinternazionali.it\/archivio\/wp-json\/wp\/v2\/posts\/87903\/revisions\/87958"}],"wp:featuredmedia":[{"embeddable":true,"href":"https:\/\/www.archivio-affarinternazionali.it\/archivio\/wp-json\/wp\/v2\/media\/87949"}],"wp:attachment":[{"href":"https:\/\/www.archivio-affarinternazionali.it\/archivio\/wp-json\/wp\/v2\/media?parent=87903"}],"wp:term":[{"taxonomy":"category","embeddable":true,"href":"https:\/\/www.archivio-affarinternazionali.it\/archivio\/wp-json\/wp\/v2\/categories?post=87903"},{"taxonomy":"post_tag","embeddable":true,"href":"https:\/\/www.archivio-affarinternazionali.it\/archivio\/wp-json\/wp\/v2\/tags?post=87903"}],"curies":[{"name":"wp","href":"https:\/\/api.w.org\/{rel}","templated":true}]}}