{"id":87935,"date":"2021-04-23T13:48:14","date_gmt":"2021-04-23T11:48:14","guid":{"rendered":"https:\/\/www.archivio-affarinternazionali.it\/archivio\/?p=87935"},"modified":"2021-04-23T13:48:14","modified_gmt":"2021-04-23T11:48:14","slug":"intelligenza-artificiale-dallue-un-approccio-basato-sul-rischio","status":"publish","type":"post","link":"https:\/\/www.archivio-affarinternazionali.it\/archivio\/2021\/04\/intelligenza-artificiale-dallue-un-approccio-basato-sul-rischio\/","title":{"rendered":"Intelligenza artificiale: dall&#8217;Ue un approccio basato sul rischio"},"content":{"rendered":"<p class=\"p1\"><strong>L\u2019Europa vuole diventare il primo continente al mondo con delle regole chiare sull\u2019intelligenza artificiale<\/strong> (IA). Questa settimana a Bruxelles la Commissione ha presentato un nuovo pacchetto legislativo che vuole porre le basi per un\u2019intelligenza artificiale <strong>\u201csicura, affidabile e incentrata sugli esseri umani\u201d<\/strong> (<a href=\"https:\/\/www.archivio-affarinternazionali.it\/archivio\/2021\/04\/servono-nuove-regole-per-lintelligenza-artificiale\/\" target=\"_blank\" rel=\"noopener\">come anticipato da Paola Severino su questa rivista<\/a>\u00a0nei giorni scorsi) e, al contempo, <strong>sostenere l\u2019innovazione e lo sviluppo di nuove tecnologie d\u2019eccellenza<\/strong> in Europa.<\/p>\n<p class=\"p1\">L\u2019obiettivo \u00e8 garantire una capillare diffusione di un\u2019intelligenza artificiale regolamentata in tutta Europa, perch\u00e9 quando c\u2019\u00e8 \u201cporta enormi benefici: salva vite, aiuta gli agricoltori a ottimizzare le risorse, o gli ingegneri che ricostruiscono Notre Dame. \u00c8 una forza per il progresso; ma per renderlo possibile occorre creare fiducia\u201d, ha spiegato la vicepresidente esecutiva della Commissione <strong>Margrethe Vestager<\/strong>, responsabile del digitale. Le aziende che non si adegueranno alle nuove regole previste dal regolamento Ue potranno incorrere in sanzioni fino al 6% del fatturato. Ciascuno Stato dovr\u00e0 individuare l\u2019autorit\u00e0 preposta al controllo.<\/p>\n<p><strong>Prevenire i rischi<\/strong><br \/>\nIl pacchetto non tratta l\u2019intelligenza artificiale come una tecnologia a s\u00e9, ma guarda al modo in cui viene utilizzata. Per questo, Bruxelles propone <strong>un approccio basato sul rischio<\/strong>, individuando quattro categorie, classificate \u201ca piramide\u201d, in ordine crescente di minaccia, e anche una lista di esempi contenuta in un allegato: <strong>maggiore \u00e8 il pericolo che un uso specifico dell\u2019intelligenza artificiale pu\u00f2 generare, pi\u00f9 stringente sar\u00e0 la regolamentazione<\/strong>.<\/p>\n<p class=\"p1\">\u201c<strong>Le nuove norme interverranno solo quando sono in gioco la sicurezza e i diritti fondamentali<\/strong>\u201d. Insomma, via libera ai filtri antispam nelle email (rischio minimo) e ai chatbot online, interfaccia di dialogo automatizzato sui siti web (purch\u00e9 all\u2019utente sia chiaro che ha a che fare con una macchina); maggiori problemi sorgono con i sistemi di IA che vengono usati per l\u2019esame dei CV nella selezione del personale o per l\u2019ammissione all\u2019universit\u00e0, per cui si prevedono obblighi precisi tra cui la supervisione umana. Vietate, invece, le tecnologie che possono aprire la strada a scenari da Grande Fratello di sorveglianza di massa, come l\u2019identificazione biometrica da remoto in spazi pubblici, che pu\u00f2 essere autorizzata solo in casi limite, come la ricerca di un minore disperso.<\/p>\n<p><strong>Una scommessa globale<\/strong><br \/>\n<strong>La scommessa per l\u2019Ue \u00e8 anche globale<\/strong>: Bruxelles, che ha cominciato il lavoro sull\u2019intelligenza artificiale ormai tre anni fa, punta a fare da capofila nello sviluppo di nuovi standard internazionali sull\u2019IA. Per Vestager, \u201cl\u2019Europa non ha avuto un ruolo leader nella prima ondata della digitalizzazione, ma ha tutte le carte in regola per guidare la prossima, che si gioca sui dati industriali\u201d.<\/p>\n<p class=\"p1\">Il testo arriva adesso arriva sul tavolo di Parlamento europeo e Consiglio per l\u2019inizio dell\u2019iter legislativo.<\/p>\n","protected":false},"excerpt":{"rendered":"<p>L\u2019Europa vuole diventare il primo continente al mondo con delle regole chiare sull\u2019intelligenza artificiale (IA). Questa settimana a Bruxelles la Commissione ha presentato un nuovo pacchetto legislativo che vuole porre le basi per un\u2019intelligenza artificiale \u201csicura, affidabile e incentrata sugli esseri umani\u201d (come anticipato da Paola Severino su questa rivista\u00a0nei giorni scorsi) e, al contempo, [&hellip;]<\/p>\n","protected":false},"author":22,"featured_media":87936,"comment_status":"closed","ping_status":"closed","sticky":false,"template":"","format":"standard","meta":{"footnotes":""},"categories":[9],"tags":[1850,1012,3018,3019,140,2137],"_links":{"self":[{"href":"https:\/\/www.archivio-affarinternazionali.it\/archivio\/wp-json\/wp\/v2\/posts\/87935"}],"collection":[{"href":"https:\/\/www.archivio-affarinternazionali.it\/archivio\/wp-json\/wp\/v2\/posts"}],"about":[{"href":"https:\/\/www.archivio-affarinternazionali.it\/archivio\/wp-json\/wp\/v2\/types\/post"}],"author":[{"embeddable":true,"href":"https:\/\/www.archivio-affarinternazionali.it\/archivio\/wp-json\/wp\/v2\/users\/22"}],"replies":[{"embeddable":true,"href":"https:\/\/www.archivio-affarinternazionali.it\/archivio\/wp-json\/wp\/v2\/comments?post=87935"}],"version-history":[{"count":1,"href":"https:\/\/www.archivio-affarinternazionali.it\/archivio\/wp-json\/wp\/v2\/posts\/87935\/revisions"}],"predecessor-version":[{"id":87937,"href":"https:\/\/www.archivio-affarinternazionali.it\/archivio\/wp-json\/wp\/v2\/posts\/87935\/revisions\/87937"}],"wp:featuredmedia":[{"embeddable":true,"href":"https:\/\/www.archivio-affarinternazionali.it\/archivio\/wp-json\/wp\/v2\/media\/87936"}],"wp:attachment":[{"href":"https:\/\/www.archivio-affarinternazionali.it\/archivio\/wp-json\/wp\/v2\/media?parent=87935"}],"wp:term":[{"taxonomy":"category","embeddable":true,"href":"https:\/\/www.archivio-affarinternazionali.it\/archivio\/wp-json\/wp\/v2\/categories?post=87935"},{"taxonomy":"post_tag","embeddable":true,"href":"https:\/\/www.archivio-affarinternazionali.it\/archivio\/wp-json\/wp\/v2\/tags?post=87935"}],"curies":[{"name":"wp","href":"https:\/\/api.w.org\/{rel}","templated":true}]}}