{"id":87987,"date":"2021-04-30T03:11:27","date_gmt":"2021-04-30T01:11:27","guid":{"rendered":"https:\/\/www.archivio-affarinternazionali.it\/archivio\/?p=87987"},"modified":"2021-05-05T08:02:08","modified_gmt":"2021-05-05T06:02:08","slug":"i-primi-100-giorni-di-biden-battuto-trump-adesso-smonta-reagan","status":"publish","type":"post","link":"https:\/\/www.archivio-affarinternazionali.it\/archivio\/2021\/04\/i-primi-100-giorni-di-biden-battuto-trump-adesso-smonta-reagan\/","title":{"rendered":"I primi 100 giorni di Biden: battuto Trump, adesso smonta Reagan"},"content":{"rendered":"<p><span style=\"font-weight: 400;\"><strong>\u201cL\u2019America si sta rialzando\u201d<\/strong>: <strong>Joe Biden<\/strong>, che aveva ereditato da Donald Trump \u201cun Paese in crisi\u201d, diviso e malato, traccia un <strong>bilancio positivo dei suoi <a href=\"https:\/\/www.archivio-affarinternazionali.it\/archivio\/2021\/04\/i-primi-100-giorni-di-biden-e-harris-parla-francesco-costa\/\" target=\"_blank\" rel=\"noopener\">primi cento giorni<\/a> alla Casa Bianca<\/strong> e prospetta al Congresso, <a href=\"https:\/\/www.whitehouse.gov\/briefing-room\/speeches-remarks\/2021\/04\/28\/remarks-as-prepared-for-delivery-by-president-biden-address-to-a-joint-session-of-congress\/\" target=\"_blank\" rel=\"noopener\">riunito in sessione plenaria,<\/a> un\u2019espansione &#8211; senza precedenti da almeno quarant\u2019anni &#8211; dei programmi federali.<\/span><\/p>\n<p><span style=\"font-weight: 400;\">Due gli obiettivi: <strong>traghettare l\u2019economia oltre la pandemia<\/strong> ed estendere la rete di <strong>protezione sociale<\/strong>, nel segno della<strong> riduzione delle diseguaglianze<\/strong>, sociali, etniche, di genere. Un colpo di timone che riporta la barra dell\u2019America a prima della <strong>svolta reaganiana<\/strong> degli Anni Ottanta.<\/span><\/p>\n<p><span style=\"font-weight: 400;\">Parlando per la prima volta al Congresso riunito in sessione plenaria, il presidente dice: &#8220;Eravamo davanti alla peggiore pandemia da un secolo in qua, alla peggiore crisi dalla Grande Depressione e al <a href=\"https:\/\/www.archivio-affarinternazionali.it\/archivio\/2021\/01\/il-giorno-piu-buio-della-democrazia-americana\/\" target=\"_blank\" rel=\"noopener\">peggior attacco alla nostra democrazia<\/a> dalla Guerra Civile\u2026 Ora stiamo vaccinando la nazione, stiamo creando milioni di posti di lavoro, stiamo dando risposte visibili e concrete alla gente e stiamo garantendo <strong>equit\u00e0 e giustizia<\/strong>&#8220;.<\/span><\/p>\n<p><span style=\"font-weight: 400;\">Due immagini danno la percezione dell\u2019eccezionalit\u00e0 del momento: l\u2019aula della Camera non \u00e8 gremita, come avviene di solito per il discorso sullo stato dell\u2019Unione \u2013 questo non lo \u00e8, ma \u00e8 analogo -, perch\u00e9 le presenze di deputati e senatori sono contingentate causa pandemia \u2013 segno che <strong>l\u2019emergenza sanitaria non \u00e8 tramontata<\/strong> -; e, dietro il podio di Biden, lo scranno della presidenza \u00e8 occupato da due donne: una prima assoluta che Biden sottolinea nel suo intervento.<strong> Kamala Harris<\/strong>, la vice-presidente che \u00e8 anche leader del Senato; e <strong>Nancy Pelos<\/strong>i, la speaker della Camera: 15 mesi or sono, stizzita, stracci\u00f2 platealmente il discorso di Trump davanti alle telecamere.<\/span><\/p>\n<p><b>Pandemia, economia, disuguaglianze, esteri<\/b><span style=\"font-weight: 400;\"><br \/>\n<\/span><span style=\"font-weight: 400;\">&#8220;Il futuro dell&#8217;America \u00e8 nelle nostre mani&#8221;. Joe Biden sprona un Congresso spaccato ad appoggiare il suo piano da oltre<strong> 4mila miliardi di dollari per rilanciare l\u2019Unione<\/strong> (&#8220;il pi\u00f9 grande dalla Seconda guerra mondiale&#8221;) e inoltre a riformare la polizia, dare <a href=\"https:\/\/www.nbcnews.com\/politics\/white-house\/biden-target-ghost-guns-red-flag-laws-new-gun-control-n1263438\" target=\"_blank\" rel=\"noopener\"><strong>una stretta alle armi da fuoco<\/strong><\/a> facili, lavorare a una <strong>riforma dell&#8217;immigrazione<\/strong> complessiva.<\/span><\/p>\n<p><span style=\"font-weight: 400;\">C\u2019\u00e8 una proposta suggestiva: <a href=\"https:\/\/eu.usatoday.com\/story\/news\/politics\/2021\/04\/28\/joe-biden-george-floyd-police-reform-congress-address\/4883626001\/\" target=\"_blank\" rel=\"noopener\">la riforma della polizia<\/a>, che porta il nome di <strong>George Floyd<\/strong>, l\u2019afroamericano ucciso da un agente a Minneapolis il 25 maggio 2020, dovrebbe essere varata nell\u2019anniversario dell&#8217;omicidio. &#8220;Abbiamo visto \u2013 dice Biden &#8211; il ginocchio dell&#8217;ingiustizia sul collo dell&#8217;America nera. Ora bisogna voltare pagina, il Paese lo vuole&#8221;.<\/span><\/p>\n<p><span style=\"font-weight: 400;\">Sul fronte internazionale, Biden manda un messaggio a <strong>Vladimir Putin<\/strong> e <strong>Xi Jinping<\/strong>. &#8220;Non vogliamo conflitti o escalation&#8221;, assicura, sottolineando, per\u00f2, che &#8220;<strong>la democrazia \u00e8 l&#8217;essenza dell&#8217;America<\/strong> e gli autocrati non vinceranno&#8221;. Prospetta azioni concertate con gli alleati, in primis della <strong>Nato<\/strong>, e vuole rilanciare la diplomazia con <strong>Russia, Cina, Iran, Corea del Nord<\/strong>, nel rispetto dei diritti umani.<\/span><\/p>\n<p><b>Una scommessa politica difficile da vincere<\/b><b><br \/>\n<\/b><span style=\"font-weight: 400;\">Nel giudizio dei commentatori dei maggiori media Usa, il discorso di Biden chiude la luna di miele del nuovo presidente con i suoi elettori e apre una fase di delicati negoziati: politico di lungo corso, Biden dovr\u00e0 mostrarsi capace di fare accettare i suoi programmi agli elettori <strong>sia democratici sia ai repubblicani<\/strong>, anche se l\u2019opposizione conservatrice in Congresso, ancora striata di <strong>\u2018trumpismo\u2019,<\/strong> non \u00e8 per nulla malleabile.<\/span><\/p>\n<p><span style=\"font-weight: 400;\">Il presidente ricorda che l\u2019Unione s\u2019\u00e8 vista precipitata \u201cin un abisso di insurrezione e d\u2019autocrazia \u2013 un riferimento <strong>all\u2019assalto al Congresso<\/strong> del 6 gennaio e alle responsabilit\u00e0 di Trump -, di pandemia e di sofferenza\u201d: ne \u00e8 emersa \u201cforte\u201d, ma anche <strong>polarizzata<\/strong>. E un punto in particolare del programma di Biden rischia di suscitare frizioni: <strong><a href=\"https:\/\/edition.cnn.com\/2021\/03\/18\/politics\/biden-tax-plan-explainer\/index.html\" target=\"_blank\" rel=\"noopener\">la riforma fiscale<\/a>,<\/strong> che andrebbe a modificare quella di Trump del 2017, <strong>alzando le tasse alle imprese<\/strong> e a quanti guadagnano oltre 400 mila dollari l\u2019anno.<\/span><\/p>\n<p><span style=\"font-weight: 400;\">I maggiori introiti erariali finanzierebbero una serie di interventi sociali, <strong>nell\u2019istruzione, nella sanit\u00e0<\/strong>, oltre agli sgravi fiscali per le famiglie e i bassi redditi, cos\u00ec da ridurre le disuguaglianze. Una ricetta che i repubblicani bollano <a href=\"https:\/\/www.politico.com\/news\/2021\/04\/28\/biden-speech-tax-plan-484980\" target=\"_blank\" rel=\"noopener\"><strong>&#8220;alla Robin Hood&#8221;<\/strong><\/a> e che suscita perplessit\u00e0 anche tra i democratici pi\u00f9 moderati, spiazzati dal <strong>&#8220;quieto radicalismo&#8221;<\/strong> del presidente che piace invece sempre pi\u00f9 alla sinistra.<\/span><\/p>\n<p><span style=\"font-weight: 400;\">Biden ricorda come &#8220;la pandemia ha reso le cose peggiori, perch\u00e9 mentre <strong>20 milioni di americani perdevano il loro lavoro<\/strong>, i 650 miliardari dell\u2019Unione hanno visto la loro ricchezza aumentare d\u2019oltre <strong>mille miliardi di dollari.<\/strong>\u00a0\u00c8 ora di fare qualcosa&#8221;.<\/span><\/p>\n<p><span style=\"font-weight: 400;\">Il <a href=\"https:\/\/www.washingtonpost.com\/politics\/joe-biden-46th-president\/\" target=\"_blank\" rel=\"noopener\">Washington Post<\/a> scrive: \u201cL\u2019agenda di politica interna del presidente \u00e8 il pi\u00f9 impressionante spostamento delle politica economica e del welfare federale da quando fu eletto Ronald Reagan, 40 anni or sono. Tenuto conto dell\u2019esile maggioranza democratica in Congresso e di una nazione ancora nettamente divisa, l\u2019agenda di Biden appare, per\u00f2, <strong>una scommessa politica<\/strong> di enormi proporzioni\u201d.<\/span><\/p>\n<p><b>Il successo dei vaccini anti-Covid<\/b><b><br \/>\n<\/b><span style=\"font-weight: 400;\">Nella prima parte del suo discorso, Biden ha sottolineato la rapidit\u00e0 con cui <a href=\"https:\/\/www.bloomberg.com\/graphics\/covid-vaccine-tracker-global-distribution\/\" target=\"_blank\" rel=\"noopener\">la vaccinazione anti-Covid<\/a> procede negli Usa: la soglia dei cento milioni di vaccini nei primi cento giorni \u00e8 stata superata e pi\u00f9 che raddoppiata \u2013 <strong>220 milioni le dosi somministrate<\/strong> -; oltre la met\u00e0 dei cittadini ha gi\u00e0 ricevuto almeno una dose di vaccino.<\/span><\/p>\n<p><span style=\"font-weight: 400;\">Certamente, gran parte del merito va alla nuova Amministrazione: la campagna di vaccinazione era infatti partita in modo<strong> fiacco e disorganizzato<\/strong> dopo le elezioni del 3 novembre, nella coda polemica e rancorosa della presidenza Trump. Solo quattro Paesi al mondo (Israele, Emirati Arabi Uniti, Cile e Regno Unito) hanno fatto meglio degli Usa, che per\u00f2 restano \u2013 ecco il lascito di Trump &#8211; <strong>il Paese con il pi\u00f9 alto numero di contagi<\/strong> \u2013 oltre <a href=\"https:\/\/www.worldometers.info\/coronavirus\/country\/us\/\" target=\"_blank\" rel=\"noopener\">32 milioni di casi<\/a>, un quinto del totale globale &#8211; e di decessi \u2013 575 mila, quasi un quinto del totale -.<\/span><\/p>\n<p><span style=\"font-weight: 400;\">Ora, incominciano ad emergere difficolt\u00e0: il numero di vaccinazioni giornaliero <strong>\u00e8 sceso del 20%<\/strong> nelle ultime due settimane e il miglioramento della situazione, con l\u2019allentamento di alcune misure preventive, rischia di incidere sulla spinta a vaccinarsi degli americani.\u00a0<\/span><\/p>\n<p><small> Foto di copertina EPA\/Chip Somodevilla \/ POOL <\/small><\/p>\n","protected":false},"excerpt":{"rendered":"<p>\u201cL\u2019America si sta rialzando\u201d: Joe Biden, che aveva ereditato da Donald Trump \u201cun Paese in crisi\u201d, diviso e malato, traccia un bilancio positivo dei suoi primi cento giorni alla Casa Bianca e prospetta al Congresso, riunito in sessione plenaria, un\u2019espansione &#8211; senza precedenti da almeno quarant\u2019anni &#8211; dei programmi federali. Due gli obiettivi: traghettare l\u2019economia [&hellip;]<\/p>\n","protected":false},"author":39,"featured_media":87990,"comment_status":"closed","ping_status":"closed","sticky":false,"template":"","format":"standard","meta":{"footnotes":""},"categories":[9],"tags":[3022,1616,632,151,2440,735,109,2822],"_links":{"self":[{"href":"https:\/\/www.archivio-affarinternazionali.it\/archivio\/wp-json\/wp\/v2\/posts\/87987"}],"collection":[{"href":"https:\/\/www.archivio-affarinternazionali.it\/archivio\/wp-json\/wp\/v2\/posts"}],"about":[{"href":"https:\/\/www.archivio-affarinternazionali.it\/archivio\/wp-json\/wp\/v2\/types\/post"}],"author":[{"embeddable":true,"href":"https:\/\/www.archivio-affarinternazionali.it\/archivio\/wp-json\/wp\/v2\/users\/39"}],"replies":[{"embeddable":true,"href":"https:\/\/www.archivio-affarinternazionali.it\/archivio\/wp-json\/wp\/v2\/comments?post=87987"}],"version-history":[{"count":4,"href":"https:\/\/www.archivio-affarinternazionali.it\/archivio\/wp-json\/wp\/v2\/posts\/87987\/revisions"}],"predecessor-version":[{"id":88003,"href":"https:\/\/www.archivio-affarinternazionali.it\/archivio\/wp-json\/wp\/v2\/posts\/87987\/revisions\/88003"}],"wp:featuredmedia":[{"embeddable":true,"href":"https:\/\/www.archivio-affarinternazionali.it\/archivio\/wp-json\/wp\/v2\/media\/87990"}],"wp:attachment":[{"href":"https:\/\/www.archivio-affarinternazionali.it\/archivio\/wp-json\/wp\/v2\/media?parent=87987"}],"wp:term":[{"taxonomy":"category","embeddable":true,"href":"https:\/\/www.archivio-affarinternazionali.it\/archivio\/wp-json\/wp\/v2\/categories?post=87987"},{"taxonomy":"post_tag","embeddable":true,"href":"https:\/\/www.archivio-affarinternazionali.it\/archivio\/wp-json\/wp\/v2\/tags?post=87987"}],"curies":[{"name":"wp","href":"https:\/\/api.w.org\/{rel}","templated":true}]}}