{"id":88090,"date":"2021-05-06T09:03:11","date_gmt":"2021-05-06T07:03:11","guid":{"rendered":"https:\/\/www.archivio-affarinternazionali.it\/archivio\/?p=88090"},"modified":"2021-05-10T06:44:36","modified_gmt":"2021-05-10T04:44:36","slug":"lungheria-stringe-il-controllo-sulle-universita-e-apre-alla-cina","status":"publish","type":"post","link":"https:\/\/www.archivio-affarinternazionali.it\/archivio\/2021\/05\/lungheria-stringe-il-controllo-sulle-universita-e-apre-alla-cina\/","title":{"rendered":"L&#8217;Ungheria stringe il controllo sulle universit\u00e0 e apre alla Cina"},"content":{"rendered":"<p><span style=\"font-weight: 400;\">In <strong>Ungheria<\/strong> la politica di controllo delle principali manifestazioni della vita pubblica da parte del governo di <strong>Viktor Orb\u00e1n<\/strong> continua con una stretta al <strong>mondo universitario<\/strong>. Di recente, infatti, il Parlamento ungherese <a href=\"https:\/\/www.reuters.com\/world\/europe\/orban-seen-entrenching-right-wing-dominance-through-hungarian-university-reform-2021-04-26\/\" target=\"_blank\" rel=\"noopener\">ha approvato un testo di legge<\/a> che ha sollevato numerose proteste negli ambienti dell\u2019opposizione partitica e sociale. <\/span><\/p>\n<p><span style=\"font-weight: 400;\">La proposta, che \u00e8 stata approvata all\u2019Assemblea nazionale con 134 voti (ossia la maggioranza dei due terzi della Camera), prevede che le universit\u00e0 statali ungheresi siano dirette, in futuro, da<strong> fondazioni private<\/strong>. I critici sostengono che, in questo modo, il primo ministro persegue l\u2019obiettivo di <strong>sopprimere concretamente l\u2019autonomia accademica<\/strong>, visto che i curatori delle fondazioni saranno nominati dall\u2019esecutivo e dovranno essere<strong> figure fedeli al potere<\/strong> e pronte a dare espressione compiuta alla visione del premier nella sfera accademica e culturale.<\/span><\/p>\n<p><strong>Gli atenei nel mirino di\u00a0Orb\u00e1n<br \/>\n<\/strong><span style=\"font-weight: 400;\">Gi\u00e0 alla fine del 2018 si erano concentrate manifestazioni a difesa della libert\u00e0 accademica minacciata dalla politica di Orb\u00e1n e dai suoi disegni di controllo e asservimento dei settori strategici al potere. Lo spunto principale era stato fornito dal meccanismo governativo che aveva portato<a href=\"https:\/\/www.theguardian.com\/world\/2018\/dec\/03\/dark-day-freedom-george-soros-affiliated-central-european-university-quits-hungary\" target=\"_blank\" rel=\"noopener\"> alla chiusura<\/a> della <strong>Ceu (Central European University)<\/strong> fondata dal magnate statunitense di origine ungherese <strong>George Soros<\/strong> e l\u2019aveva costretta ad \u201cemigrare\u201d a Vienna. La Ceu era stata attaccata in quanto considerata dall\u2019esecutivo<strong> sede di attivit\u00e0 anti-ungheresi<\/strong> o per lo meno non in linea con gli interessi nazionali. Lo spunto era quello, ma i manifestanti avevano nominato anche le universit\u00e0 <strong>Corvinus ed Elte<\/strong>, come vittime del governo, e <strong>l\u2019Mta, l\u2019Accademia Ungherese delle Scienze<\/strong>, finita anch\u2019essa nel mirino del potere.<\/span><\/p>\n<p><span style=\"font-weight: 400;\">Intanto, malgrado la cosiddetta \u201cLex Ceu\u201d dovr\u00e0 essere modificata in seguito al <a href=\"https:\/\/curia.europa.eu\/jcms\/upload\/docs\/application\/pdf\/2020-10\/cp200125en.pdf\" target=\"_blank\" rel=\"noopener\">verdetto<\/a> della <strong>Corte europea di giustizia<\/strong> che circa sei mesi fa aveva giudicato la legge contraria alle regole europee e <strong>contraria alla libert\u00e0 dei servizi<\/strong>, la Ceu non sembra intenzionata a tornare in Ungheria, almeno per ora. Il vice-rettore<strong> Zsolt Enyedi<\/strong> ritiene che non basti l\u2019abrogazione del passaggio della legge che vietava alle universit\u00e0 straniere ad operare in Ungheria senza possedere un campus nei relativi Paesi di origine.<\/span><\/p>\n<p><span style=\"font-weight: 400;\">Per Enyedi anche in quel caso la Ceu dipenderebbe dalle <strong>decisioni arbitrarie del governo<\/strong> e non potrebbe dar luogo ad un\u2019attivit\u00e0 libera dai condizionamenti del potere, come del resto \u00e8 il caso delle universit\u00e0 ungheresi la cui indipendenza \u00e8 fortemente minacciata dal testo di legge approvato dal Parlamento. L\u2019opposizione protesta, come gi\u00e0 precisato, e promette di <strong>restituire le universit\u00e0 alla gestione pubblica<\/strong> se vincer\u00e0 le elezioni politiche in programma per l\u2019aprile dell\u2019anno prossimo.<\/span><\/p>\n<p><strong>L&#8217;amicizia con Pechino<br \/>\n<\/strong><span style=\"font-weight: 400;\">Le sue proteste sono rivolte anche<a href=\"https:\/\/www.euronews.com\/2021\/05\/02\/hungary-agrees-to-open-chinese-university-campus-in-budapest-by-2024\" target=\"_blank\" rel=\"noopener\"> all\u2019accordo<\/a> firmato dal governo con l\u2019universit\u00e0 <strong>Fudan di Shangha<\/strong>i. Si tratta di un ateneo considerato fra i quaranta migliori al mondo. L\u2019intesa prevede che l\u2019universit\u00e0 cinese abbia <strong>una sede a Budapest<\/strong> ospitante cinque facolt\u00e0: Studi sociali, Lettere, Scienze, Medicina e Politecnico. <\/span><span style=\"font-weight: 400;\">Si prevede anche la presenza di 500 insegnanti e di 6.000-8.000 studenti. Come gi\u00e0 anticipato, l\u2019opposizione \u00e8 contraria all\u2019arrivo della Fudan nella capitale ungherese temendo che questa favorisca <strong>attivit\u00e0 di spionaggio per conto di Pechino<\/strong>. <\/span><\/p>\n<p><span style=\"font-weight: 400;\">Per Orb\u00e1n, invece, si tratta di un vero successo. Il premier ha annunciato, via social, di aver avuto una conversazione telefonica con il presidente cinese <strong>Xi Jinping<\/strong> e di aver accettato una visita in Cina per <strong>rafforzare la cooperazione bilaterale<\/strong>. Attraverso un piano finanziato da linee di credito cinesi, Pechino costruir\u00e0 la linea <a href=\"https:\/\/www.euronews.com\/2020\/10\/06\/will-the-4bn-belgrade-budapest-rail-upgrade-be-a-benefit-or-burden\" target=\"_blank\" rel=\"noopener\">ferroviaria che collega Budapest a Belgrado<\/a>. La Cina \u00e8 anche il Paese che ha venduto all\u2019Ungheria 5 milioni di dosi di vaccino anti-Covid. <\/span><span style=\"font-weight: 400;\">Si tratta di <strong>Sinopharm<\/strong> che sarebbe risultato pi\u00f9 caro dei vaccini approvati dall\u2019Ema. La somministrazione di questi prodotti, soprattutto di<a href=\"https:\/\/www.reuters.com\/article\/us-health-coronavirus-hungary-idUSKBN2B30YP\" target=\"_blank\" rel=\"noopener\"> Sinopharm e dello <strong>Sputnik V<\/strong><\/a>, procede, ma il tasso di mortalit\u00e0 dovuta al virus <a href=\"https:\/\/www.bloomberg.com\/news\/articles\/2021-04-20\/hungary-with-highest-covid-death-rate-says-virus-has-peaked\" target=\"_blank\" rel=\"noopener\">continua ad essere elevato.<\/a><\/span><\/p>\n<p><span style=\"font-weight: 400;\">La via preferenziale data dal governo ungherese all\u2019universit\u00e0 Fudan e ai vaccini cinese e russo \u00e8 quindi motivo di proteste da parte dell\u2019opposizione democratica e dei suoi sostenitori che accusano Orb\u00e1n di <strong>allontanare sempre pi\u00f9 il Paese dall\u2019Europa dello Stato di diritto.<\/strong><\/span><\/p>\n<p><small> Foto di copertina EPA\/Lukasz Gagulski <\/small><\/p>\n","protected":false},"excerpt":{"rendered":"<p>In Ungheria la politica di controllo delle principali manifestazioni della vita pubblica da parte del governo di Viktor Orb\u00e1n continua con una stretta al mondo universitario. Di recente, infatti, il Parlamento ungherese ha approvato un testo di legge che ha sollevato numerose proteste negli ambienti dell\u2019opposizione partitica e sociale. La proposta, che \u00e8 stata approvata [&hellip;]<\/p>\n","protected":false},"author":39,"featured_media":88057,"comment_status":"closed","ping_status":"closed","sticky":false,"template":"","format":"standard","meta":{"footnotes":""},"categories":[9],"tags":[77,532,861,185,3035,2822],"_links":{"self":[{"href":"https:\/\/www.archivio-affarinternazionali.it\/archivio\/wp-json\/wp\/v2\/posts\/88090"}],"collection":[{"href":"https:\/\/www.archivio-affarinternazionali.it\/archivio\/wp-json\/wp\/v2\/posts"}],"about":[{"href":"https:\/\/www.archivio-affarinternazionali.it\/archivio\/wp-json\/wp\/v2\/types\/post"}],"author":[{"embeddable":true,"href":"https:\/\/www.archivio-affarinternazionali.it\/archivio\/wp-json\/wp\/v2\/users\/39"}],"replies":[{"embeddable":true,"href":"https:\/\/www.archivio-affarinternazionali.it\/archivio\/wp-json\/wp\/v2\/comments?post=88090"}],"version-history":[{"count":6,"href":"https:\/\/www.archivio-affarinternazionali.it\/archivio\/wp-json\/wp\/v2\/posts\/88090\/revisions"}],"predecessor-version":[{"id":88176,"href":"https:\/\/www.archivio-affarinternazionali.it\/archivio\/wp-json\/wp\/v2\/posts\/88090\/revisions\/88176"}],"wp:featuredmedia":[{"embeddable":true,"href":"https:\/\/www.archivio-affarinternazionali.it\/archivio\/wp-json\/wp\/v2\/media\/88057"}],"wp:attachment":[{"href":"https:\/\/www.archivio-affarinternazionali.it\/archivio\/wp-json\/wp\/v2\/media?parent=88090"}],"wp:term":[{"taxonomy":"category","embeddable":true,"href":"https:\/\/www.archivio-affarinternazionali.it\/archivio\/wp-json\/wp\/v2\/categories?post=88090"},{"taxonomy":"post_tag","embeddable":true,"href":"https:\/\/www.archivio-affarinternazionali.it\/archivio\/wp-json\/wp\/v2\/tags?post=88090"}],"curies":[{"name":"wp","href":"https:\/\/api.w.org\/{rel}","templated":true}]}}