{"id":88229,"date":"2021-05-16T14:35:48","date_gmt":"2021-05-16T12:35:48","guid":{"rendered":"https:\/\/www.archivio-affarinternazionali.it\/archivio\/?p=88229"},"modified":"2021-05-22T07:00:09","modified_gmt":"2021-05-22T05:00:09","slug":"netanyahu-e-hamas-sono-i-vincitori-nel-breve-termine-della-nuova-faida-barbarica","status":"publish","type":"post","link":"https:\/\/www.archivio-affarinternazionali.it\/archivio\/2021\/05\/netanyahu-e-hamas-sono-i-vincitori-nel-breve-termine-della-nuova-faida-barbarica\/","title":{"rendered":"Netanyahu e Hamas sono i vincitori nel breve termine della &#8220;faida barbarica&#8221;"},"content":{"rendered":"<p><strong>I palestinesi sono impotenti<\/strong>, divisi fra il <strong>moderatismo<\/strong> del presidente <strong>Abu Mazen<\/strong> e il <strong>settarismo<\/strong> di <strong>Hamas<\/strong>. Non sono cittadini del \u201cnon-Stato\u201d in cui vivono \u2013 le aree A e B della <strong>Cisgiordania<\/strong>, dove l\u2019Autorit\u00e0 palestinese (Anp) esercita la sua limitata giurisdizione e dove essi <a href=\"https:\/\/www.archivio-affarinternazionali.it\/archivio\/2021\/05\/palestina-rinvio-elezioni\/\" target=\"_blank\" rel=\"noopener\">non votano da 15 anni<\/a> -, n\u00e9 votano per le istituzioni dello Stato che controlla la loro esistenza quotidiana. Nel frangente attuale sono <strong>ostracizzati da parte rilevante dello stesso mondo arabo<\/strong> che guarda con malcelato fastidio alle loro istanze, sospinto da una <strong>convergenza di interessi con Israele e contro l\u2019Iran<\/strong> fino a stabilire pieni rapporti diplomatici con lo Stato ebraico.<\/p>\n<p>I recenti <strong>accordi di normalizzazione fra Israele e alcuni Stati del Golfo<\/strong> hanno sancito un assetto opposto a quello precedente che subordinava pace e normalit\u00e0 di rapporti con lo Stato ebraico ad un accordo con i palestinesi che ponesse fine all\u2019occupazione e portasse alla nascita di uno Stato palestinese sovrano.<\/p>\n<p>Eppure, se non si giunge ad una <strong>ripresa delle trattative dirette fra le parti<\/strong> e ad un accordo sui confini, gli insediamenti e lo status di Gerusalemme, la stessa nozione di \u201c<strong>due Stati per due popoli<\/strong>\u201d, affermatasi come paradigma negli anni \u201980 e riconosciuta come unica soluzione possibile del conflitto dalla comunit\u00e0 delle nazioni, rischia di evaporare nel mondo onirico del mito. L\u2019<strong>espansione delle colonie<\/strong> e dei coloni israeliani nei territori (450mila in Cisgiordania e oltre 200mila a Gerusalemme Est), la confisca di terre possedute da soggetti privati palestinesi, la demolizione di case e strutture nell\u2019area C che costringe gli abitanti all\u2019<strong>abbandono di luoghi di residenza<\/strong> rendono uno Stato palestinese che abbia contiguit\u00e0 ed effettiva sovranit\u00e0 via via pi\u00f9 arduo da conseguire.<\/p>\n<p><strong>Tra Fatah e Hamas<\/strong><br \/>\n<a href=\"https:\/\/www.archivio-affarinternazionali.it\/archivio\/2021\/05\/israele-palestina-medio-oriente-violenza\/\" target=\"_blank\" rel=\"noopener\">L\u2019esplosione di violenze a Gerusalemme<\/a>, innescata da una vicenda apparentemente legale ma squisitamente politica che riguarda gli espropri di case abitate da arabi, possedute da ebrei prima del 1948 e che ora movimenti della destra israeliana rivendicano e le corti minacciano di rendere esecutivi, dimostra la fragilit\u00e0 di uno status quo senza pace.<\/p>\n<p>Nel settembre 2020,\u00a0<strong>i due irriducibili antagonisti del mondo palestinese<\/strong> \u2013 <strong>Fatah<\/strong> e <strong>Hamas<\/strong> &#8211; erano giunti ad <a href=\"https:\/\/www.archivio-affarinternazionali.it\/archivio\/2021\/02\/elezioni-in-palestina-incertezza-dopo-lannuncio\/\" target=\"_blank\" rel=\"noopener\">un accordo circa lo svolgimento di elezioni parlamentari e presidenziali<\/a>. Nel frattempo l\u2019Anp ha chiesto ad Israele di consentire il voto ai residenti arabi di Gerusalemme Est (stimati in circa 350mila), che sono residenti permanenti di Israele dopo l\u2019annessione della citt\u00e0 nel 1967 e votarono nel 1996 e nel 2005-06. Il governo israeliano non ha risposto alla richiesta.<\/p>\n<p>Tale atteggiamento di Israele ha fornito ad Abu Mazen un motivo o un pretesto per posporre le elezioni. Il suo movimento \u2013 Fatah \u2013 \u00e8 infatti debole, scisso in pi\u00f9 fazioni. Abu Mazen soccombe nei sondaggi per le elezioni presidenziali di fronte a <strong>Ismail Hanyeh<\/strong>, il candidato di Hamas. Solo <strong>Marwan Barghouti<\/strong>, in carcere in Israele per condanne all\u2019ergastolo per omicidio, potrebbe superare sia Abu Mazen sia Hanyeh. Anche per Hamas il contesto non \u00e8 facile: anni di governo quasi dittatoriale nella striscia di Gaza, il suo persistere in una sciagurata ed inutile guerriglia con Israele, la gravit\u00e0 della situazione umanitaria ed economica ne compromettono la campagna.<\/p>\n<p>In quel contesto Hamas ha voluto sfruttare l\u2019occasione delle provocazioni di estremisti ebrei, che predicano l\u2019espulsione dei palestinesi, e della repressione da parte della polizia israeliana nei giorni del Ramadan delle proteste di palestinesi di Gerusalemme, in particolare intorno alla Spianata delle Moschee e ad <strong>Al Aqsa<\/strong>, luogo sacro dell\u2019Islam ma al contempo simbolo di una sovranit\u00e0 rivendicata. L\u2019offensiva ha colpito e devastato edifici, strade, infrastrutture nelle regioni del sud e del centro del Paese, ucciso e ferito civili, <strong>un\u2019esibizione di forza militare nel reagire contro il nemico Israele<\/strong> mentre l\u2019Anp e Fatah, nella retorica fondamentalista di Hamas, restavano inani ed inerti. Le ritorsioni di Israele, massicce contro installazioni di Hamas e del jihad islamico, hanno causato molte vittime anche tra gli abitanti della Striscia <strong>in una coazione a ripetere<\/strong> analoghi scoppi di violenza nel 2008-09, nel 2012 e ancor pi\u00f9 devastanti nel 2014.<\/p>\n<p><strong>Ancora minacce alla convivenza<\/strong><br \/>\n<strong>Due i vincitori nel breve periodo<\/strong> in questa \u201c<strong>faida barbarica<\/strong>\u201d &#8211; come la defin\u00ec anni fa Avishai Margalit, un insigne filosofo israeliano &#8211; che attanaglia i due popoli, due vincitori stretti da una malefica, oggettiva alleanza: Hamas, che trionfa nelle simpatie dei palestinesi e nella retorica del mondo musulmano; <strong>Benjamin Netanyahu<\/strong> che, premier di un <a href=\"https:\/\/www.archivio-affarinternazionali.it\/archivio\/2021\/03\/israele-maggioranza-lontana-spettro-elezioni\/\" target=\"_blank\" rel=\"noopener\">governo uscito debole dalle elezioni di marzo<\/a> a cui sembrava finalmente succedere una coalizione alternativa di partiti della destra e del centro-sinistra con l\u2019appoggio esterno di un partito arabo,<strong> resta il leader di una \u201cunion sacr\u00e9e\u201d contro il nemico irriducibile<\/strong>.<\/p>\n<p>Anche qualora si giunga ad una tregua fra le parti, con la mediazione dell\u2019Egitto e del Qatar ed un intervento pi\u00f9 risolutivo degli Stati Uniti, dovrebbe essere evidente agli israeliani come sia illusorio ritenere che i palestinesi accettino una condizione permanente di soggezione.<\/p>\n<p>Il fatto pi\u00f9 preoccupante di questi giorni \u00e8 per\u00f2 l\u2019irrompere di <strong>forme di violenza tribale all\u2019interno di Israele<\/strong>, in modo inusitato dal 1948, fra cittadini arabi ed ebrei: aggressioni, profanazioni di luoghi di culto, incendi appiccati a case e cose in molte citt\u00e0 del Paese. Una <strong>minaccia alla democrazia ed alla convivenza fra arabi ed ebrei<\/strong>, un pericolo acuto di frammentazione del tessuto civile del Paese. La minoranza araba in Israele (circa il 20 % della popolazione) soffre di disuguaglianze e discriminazioni sul mercato del lavoro, nell\u2019offerta di istruzione, nella disponibilit\u00e0 di terreni per abitazioni, nelle infrastrutture, che diverse ong israeliane denunciano da tempo, ma si va integrando attivamente in alcuni settori della societ\u00e0 (sanit\u00e0, universit\u00e0) ed ambisce ad influire sul governo del Paese, da cui \u00e8 stata storicamente esclusa.<\/p>\n<p>Confortano in questo quadro funesto le reazioni della societ\u00e0 civile: sindaci, associazioni impegnate nella coesistenza (fra le quali le numerose ong federate sotto l\u2019egida di <a href=\"http:\/\/www.allmep.org\" target=\"_blank\" rel=\"noopener\"><em>Alliance for Middle East Peace<\/em><\/a>, del cui Comitato direttivo sono membro), scuole, ospedali, comitati spontanei di cittadini che manifestano insieme, arabi ed ebrei, sulle strade del Paese, in difesa della pace, dell\u2019eguaglianza e della democrazia.<\/p>\n<p><small> Nella foto di copertina EPA\/ATEF SAFADI alcuni coloni israeliani sul tetto di una abitazione palestinese nel quartiere di Sheikh Jarrah, dopo gli sfratti <\/small><\/p>\n","protected":false},"excerpt":{"rendered":"<p>I palestinesi sono impotenti, divisi fra il moderatismo del presidente Abu Mazen e il settarismo di Hamas. Non sono cittadini del \u201cnon-Stato\u201d in cui vivono \u2013 le aree A e B della Cisgiordania, dove l\u2019Autorit\u00e0 palestinese (Anp) esercita la sua limitata giurisdizione e dove essi non votano da 15 anni -, n\u00e9 votano per le [&hellip;]<\/p>\n","protected":false},"author":22,"featured_media":88233,"comment_status":"closed","ping_status":"closed","sticky":false,"template":"","format":"standard","meta":{"footnotes":""},"categories":[9],"tags":[],"_links":{"self":[{"href":"https:\/\/www.archivio-affarinternazionali.it\/archivio\/wp-json\/wp\/v2\/posts\/88229"}],"collection":[{"href":"https:\/\/www.archivio-affarinternazionali.it\/archivio\/wp-json\/wp\/v2\/posts"}],"about":[{"href":"https:\/\/www.archivio-affarinternazionali.it\/archivio\/wp-json\/wp\/v2\/types\/post"}],"author":[{"embeddable":true,"href":"https:\/\/www.archivio-affarinternazionali.it\/archivio\/wp-json\/wp\/v2\/users\/22"}],"replies":[{"embeddable":true,"href":"https:\/\/www.archivio-affarinternazionali.it\/archivio\/wp-json\/wp\/v2\/comments?post=88229"}],"version-history":[{"count":5,"href":"https:\/\/www.archivio-affarinternazionali.it\/archivio\/wp-json\/wp\/v2\/posts\/88229\/revisions"}],"predecessor-version":[{"id":88250,"href":"https:\/\/www.archivio-affarinternazionali.it\/archivio\/wp-json\/wp\/v2\/posts\/88229\/revisions\/88250"}],"wp:featuredmedia":[{"embeddable":true,"href":"https:\/\/www.archivio-affarinternazionali.it\/archivio\/wp-json\/wp\/v2\/media\/88233"}],"wp:attachment":[{"href":"https:\/\/www.archivio-affarinternazionali.it\/archivio\/wp-json\/wp\/v2\/media?parent=88229"}],"wp:term":[{"taxonomy":"category","embeddable":true,"href":"https:\/\/www.archivio-affarinternazionali.it\/archivio\/wp-json\/wp\/v2\/categories?post=88229"},{"taxonomy":"post_tag","embeddable":true,"href":"https:\/\/www.archivio-affarinternazionali.it\/archivio\/wp-json\/wp\/v2\/tags?post=88229"}],"curies":[{"name":"wp","href":"https:\/\/api.w.org\/{rel}","templated":true}]}}