{"id":88263,"date":"2021-05-25T14:40:05","date_gmt":"2021-05-25T12:40:05","guid":{"rendered":"https:\/\/www.archivio-affarinternazionali.it\/archivio\/?p=88263"},"modified":"2021-05-31T11:31:22","modified_gmt":"2021-05-31T09:31:22","slug":"vaccini-ricerca-e-salute-sono-i-fili-di-una-nuova-cortina-di-ferro","status":"publish","type":"post","link":"https:\/\/www.archivio-affarinternazionali.it\/archivio\/2021\/05\/vaccini-ricerca-e-salute-sono-i-fili-di-una-nuova-cortina-di-ferro\/","title":{"rendered":"Vaccini, ricerca e salute sono i fili di una nuova cortina di ferro"},"content":{"rendered":"<p><span style=\"font-weight: 400;\">Due notizie stanno segnando in questa fase la corsa verso l\u2019uscita dalla pandemia. La prima \u00e8 concentrata in un numero: +18%, ovvero <a href=\"https:\/\/www.bloomberg.com\/news\/articles\/2021-04-16\/china-s-economy-soars-by-record-a-year-after-pandemic-slump?sref=SamVlrGx\" target=\"_blank\" rel=\"noopener\">la crescita del Pil cinese<\/a> nel primo trimestre del 2021. La seconda riguarda le dichiarazioni recenti di <strong>Anthony Fauci<\/strong>, il capo dei virologi americani e scienziato di fama mondiale, e dello stesso presidente degli Stati Uniti, <strong>Joe Biden.<\/strong>\u00a0<\/span><\/p>\n<p><span style=\"font-weight: 400;\">Il primo ha dichiarato che non appena il Paese avr\u00e0 raggiunto la nota <strong>\u201cimmunit\u00e0 di gregge\u201d<\/strong> sar\u00e0 pronto ad <strong><a href=\"https:\/\/www.bloomberg.com\/news\/articles\/2021-04-21\/biden-says-he-ll-send-vaccines-overseas-once-supply-sufficient\" target=\"_blank\" rel=\"noopener\">esportare i propri vaccini<\/a>,<\/strong> privilegiando per\u00f2 non gli alleati tradizionali (della <strong>Nato<\/strong>, ad esempio), ma i Paesi a medio e basso reddito del pianeta. Gli ha fatto eco il comandante in capo definendo l\u2019America <strong>\u201cl\u2019arsenale del mondo dei vaccini\u201d.\u00a0<\/strong><\/span><\/p>\n<p><span style=\"font-weight: 400;\">Semmai ve ne fosse bisogno, siamo di fronte all\u2019evidenza che questa pandemia, sotto il profilo strategico, \u00e8 sicuramente <strong>paragonabile ad un conflitto<\/strong>, che il mondo va dirigendosi verso una divisione in <strong>sfere di influenza<\/strong>, cos\u00ec come accadde a Yalta, e che <strong>vaccini, ricerca e salute saranno i fili di una nuova cortina di ferro<\/strong>.<\/span><\/p>\n<p><span style=\"font-weight: 400;\">La domanda chiave \u00e8 per\u00f2 la seguente: quale delle due notizie \u00e8 pi\u00f9 rilevante?<\/span><\/p>\n<p><strong>Affrontare la pandemia: Cina e Stati Uniti<br \/>\n<\/strong><span style=\"font-weight: 400;\">La prima, ovvero <strong>l\u2019impressionante ripresa economica cinese<\/strong>, ci parla di un Paese che ha messo in campo una serrata attivit\u00e0 di monitoraggio dei contagi e di duro soffocamento dei focolai, associato ad una sofisticata narrativa anche mediatica e ad un\u2019immediata proiezione di <strong>soft power sanitario globale<\/strong>, la cosiddetta \u201cdiplomazia della mascherina\u201d. Ma Pechino, che punta ad usare la pandemia come un acceleratore nella ricerca del <strong>primato economico e strategico mondiale<\/strong>, ha ancora un gigantesco problema di solidit\u00e0 delle proprie armi scientifiche. Il mondo \u00e8 gi\u00e0 inondato dei due vaccini cinesi (<strong>Sinovac<\/strong> e <strong>Sinopharm<\/strong>, <em>ndr<\/em>) ma la<a href=\"https:\/\/apnews.com\/article\/china-gao-fu-vaccines-offer-low-protection-coronavirus-675bcb6b5710c7329823148ffbff6ef9\" target=\"_blank\" rel=\"noopener\"> loro efficacia \u00e8 assolutamente discutibile<\/a> e soprattutto la popolazione interna ha ancora tassi di immunit\u00e0 molto bassi.\u00a0<\/span><\/p>\n<p><span style=\"font-weight: 400;\">Negli Stati Uniti, invece, siamo di fronte al primo passo della <strong>progressiva uscita dall\u2019emergenza<\/strong>. Sotto il profilo sanitario ed economico la strada \u00e8 ancora lunga. Ma la notizia del <strong>riallineamento totale tra scienza e politica<\/strong>, anche nella definizione degli interessi strategici, \u00e8 degna di nota ed avr\u00e0 implicazioni molto rilevanti per la ridefinizione del <strong>nuovo ordine globale.<\/strong><\/span><\/p>\n<p><span style=\"font-weight: 400;\">La prima fase della pandemia ha infatti fatto emergere le capacit\u00e0 di reazione, tra loro molto diverse, tra<strong> le democrazie e le autocrazie<\/strong>. Le prime hanno visto andare in frantumi il gi\u00e0 debole rapporto di fiducia tra politica, cittadini e scienza. I cittadini non hanno compreso le misure restrittive imposte dalla politica; la politica ha troppo spesso ignorato il rigore del metodo scientifico. E la scienza ha provato a rivolgersi direttamente ai cittadini con risultati altalenanti.\u00a0<\/span><\/p>\n<p><strong>Vent&#8217;anni di crisi<br \/>\n<\/strong><span style=\"font-weight: 400;\">Questo drammatico cortocircuito, gi\u00e0 in atto ben prima che la pandemia di Covid-19 colpisse le nostre comunit\u00e0, \u00e8 forse la rappresentazione pi\u00f9 efficace della difficolt\u00e0 delle democrazie contemporanee, fiaccate ed indebolite da una sequenza impressionante di crisi in un lasso di tempo molto ristretto.\u00a0<\/span><\/p>\n<p><span style=\"font-weight: 400;\">11 settembre 2001, crisi finanziaria del 2008 e la pandemia in cui siamo immersi sono crisi che vanno lette assieme e che disegnano la parabola di <strong>un\u2019onda lunga di instabilit\u00e0<\/strong> che porter\u00e0 a breve ad una totale<strong> ridefinizione dei pesi geopolitici e delle aree di influenza<\/strong>. Sono crisi senz\u2019altro diverse ma accomunate da almeno due elementi: la loro<strong> natura asimmetrica,<\/strong> ovvero di minacce non statali in grado per\u00f2 di produrre effetti sistemici simili a quelli di conflitti convenzionali, e la capacit\u00e0 di porsi come <strong>agenti politici di cambiamento<\/strong> sugli assetti interni e sulla mappa globale.\u00a0<\/span><\/p>\n<p><span style=\"font-weight: 400;\">Oggi siamo immersi nella<strong> pi\u00f9 grave crisi globale dal secondo Dopoguerra<\/strong>. Ne usciremo di certo. Grazie al progresso delle scienze saremo liberi da questo virus. Grazie al ruolo dell\u2019industria farmaceutica potremo garantire questa libert\u00e0 su scala planetaria. Grazie alla resilienza delle comunit\u00e0 umane avremo l\u2019entusiasmo e la voglia giusta per ripartire.<\/span><\/p>\n<p><strong>Quale sar\u00e0 la prossima minaccia?<br \/>\n<\/strong>Ma il mondo \u00e8 gi\u00e0 profondamente cambiato e ormai vent\u2019anni del nuovo secolo ci dicono che dovremo affrontare <strong>nuove minacce<\/strong> e nuove crisi <strong>a distanza di pochissimo tempo<\/strong>. Cominciamo quindi ad occuparci della prossima.<\/p>\n<figure id=\"attachment_88330\" aria-describedby=\"caption-attachment-88330\" style=\"width: 202px\" class=\"wp-caption alignright\"><a href=\"https:\/\/www.store.rubbettinoeditore.it\/catalogo\/geopolitica-della-salute-7590\/\"><img loading=\"lazy\" decoding=\"async\" class=\"wp-image-88330 size-medium\" src=\"https:\/\/www.archivio-affarinternazionali.it\/archivio\/wp-content\/uploads\/2021\/05\/PHOTO-2021-05-05-22-11-39-202x300.jpg\" alt=\"\" width=\"202\" height=\"300\" srcset=\"https:\/\/www.archivio-affarinternazionali.it\/archivio\/wp-content\/uploads\/2021\/05\/PHOTO-2021-05-05-22-11-39-202x300.jpg 202w, https:\/\/www.archivio-affarinternazionali.it\/archivio\/wp-content\/uploads\/2021\/05\/PHOTO-2021-05-05-22-11-39-121x180.jpg 121w, https:\/\/www.archivio-affarinternazionali.it\/archivio\/wp-content\/uploads\/2021\/05\/PHOTO-2021-05-05-22-11-39.jpg 602w\" sizes=\"(max-width: 202px) 100vw, 202px\" \/><\/a><figcaption id=\"caption-attachment-88330\" class=\"wp-caption-text\">Gi\u00e0 prima della pandemia eravamo immersi in cambiamenti strutturali che abbiamo fatto fatica a cogliere o che abbiamo preferito non vedere. Mai prima l\u2019umanit\u00e0 aveva vissuto ben tre crisi sistemiche in appena un ventennio: l\u201911 settembre 2001, la crisi finanziaria del 2008, l&#8217;emergenza sanitaria del 2020\/2021.<\/figcaption><\/figure>\n<p><span style=\"font-weight: 400;\">Sar\u00e0 il salto di specie di un nuovo, potente virus? Se cos\u00ec sar\u00e0 potremo almeno dirci pronti a gestirne l\u2019arrivo e le possibili evoluzioni. Sar\u00e0 <a href=\"https:\/\/www.archivio-affarinternazionali.it\/archivio\/2021\/03\/nato-e-difesa-cibernetica-una-risposta-militare-ad-attacchi-cyber\/\" target=\"_blank\" rel=\"noopener\"><strong>un attacco cibernetico<\/strong><\/a> su vasta scala, in grado di mettere in ginocchio le nostre economie, la nostra societ\u00e0, la nostra sicurezza? Dobbiamo costruire <strong>un\u2019alleanza globale per la smilitarizzazione del cyberspazio<\/strong> e per la difesa congiunta, sul modello della Nato.\u00a0<\/span><\/p>\n<p><span style=\"font-weight: 400;\">Sar\u00e0 l\u2019implosione di alcuni modelli e l&#8217;inevitabile crisi sociale ed economica che colpir\u00e0 soprattutto l\u2019Occidente e le aree in via di sviluppo del pianeta dopo la pandemia? Dobbiamo pensare oggi a dare <strong>profondit\u00e0 strategica alle nostre decisioni<\/strong>, uscendo dalla logica insostenibile dei sussidi e creando le migliori condizioni per rendere i nostri territori competitivi ed attrattivi per i capitali, le merci, il sapere ed i talenti che torneranno a muoversi.\u00a0<\/span><\/p>\n<p><span style=\"font-weight: 400;\">Sar\u00e0 l\u2019impatto della <strong>crisi climatica<\/strong> che gi\u00e0 nel prossimo decennio potr\u00e0 avere conseguenze devastanti non solo sull\u2019ambiente ma anche sulla sicurezza delle Nazioni? Dobbiamo immediatamente creare un <a href=\"https:\/\/www.archivio-affarinternazionali.it\/archivio\/2021\/05\/si-fa-presto-a-dire-transizione-energetica\/\" target=\"_blank\" rel=\"noopener\"><strong>modello di adattamento<\/strong><\/a> a questo cambiamento ormai irreversibile e mettere in sicurezza i nostri sistemi, evitando di superare la soglia critica ed il punto di non ritorno di una catastrofe climatica su larga scala.\u00a0<\/span><\/p>\n<p><span style=\"font-weight: 400;\">Sar\u00e0 la <strong>competizione geostrategica delle autocrazie<\/strong> che, rinvigorite dalla debolezza delle democrazie fiaccate dal virus, approfitteranno per recriminare la leadership globale? Dobbiamo rafforzare i principi e modernizzare i sistemi democratici perch\u00e9 si dimostrino efficaci, competitivi e in grado di dettare l\u2019agenda anche nel nuovo mondo.<\/span><\/p>\n<p><span style=\"font-weight: 400;\">Occorre riportare al centro il valore della competenza e la capacit\u00e0 di cogliere ed affrontare la complessit\u00e0. Bisogna ricucire il <strong>rapporto di fiducia tra politica, scienza, cittadini e imprese.\u00a0<\/strong><\/span><\/p>\n<p><span style=\"font-weight: 400;\">Abbiamo appena combattuto una delle battaglie pi\u00f9 dure e difficili della storia contemporanea contro un nemico invisibile. Se sar\u00e0 servito ad affinare le armi della prevenzione, della <strong>cooperazione globale<\/strong>, della dissuasione e della compartecipazione di tutti, g<\/span><span style=\"font-weight: 400;\">overni e cittadini, agli stessi obiettivi, allora questa crisi devastante non sar\u00e0 passata invano.\u00a0<\/span><span style=\"font-weight: 400;\">Viceversa, avremo solo ritardato il prossimo appuntamento con la Storia.\u00a0<\/span><\/p>\n<p><small> Foto di copertina EPA\/SHAHZAIB AKBER <\/small><\/p>\n","protected":false},"excerpt":{"rendered":"<p>Due notizie stanno segnando in questa fase la corsa verso l\u2019uscita dalla pandemia. La prima \u00e8 concentrata in un numero: +18%, ovvero la crescita del Pil cinese nel primo trimestre del 2021. La seconda riguarda le dichiarazioni recenti di Anthony Fauci, il capo dei virologi americani e scienziato di fama mondiale, e dello stesso presidente [&hellip;]<\/p>\n","protected":false},"author":39,"featured_media":88338,"comment_status":"closed","ping_status":"closed","sticky":false,"template":"","format":"standard","meta":{"footnotes":""},"categories":[9],"tags":[1616,77,2160,505,3090,3052,151,3072,109,2822],"_links":{"self":[{"href":"https:\/\/www.archivio-affarinternazionali.it\/archivio\/wp-json\/wp\/v2\/posts\/88263"}],"collection":[{"href":"https:\/\/www.archivio-affarinternazionali.it\/archivio\/wp-json\/wp\/v2\/posts"}],"about":[{"href":"https:\/\/www.archivio-affarinternazionali.it\/archivio\/wp-json\/wp\/v2\/types\/post"}],"author":[{"embeddable":true,"href":"https:\/\/www.archivio-affarinternazionali.it\/archivio\/wp-json\/wp\/v2\/users\/39"}],"replies":[{"embeddable":true,"href":"https:\/\/www.archivio-affarinternazionali.it\/archivio\/wp-json\/wp\/v2\/comments?post=88263"}],"version-history":[{"count":7,"href":"https:\/\/www.archivio-affarinternazionali.it\/archivio\/wp-json\/wp\/v2\/posts\/88263\/revisions"}],"predecessor-version":[{"id":88371,"href":"https:\/\/www.archivio-affarinternazionali.it\/archivio\/wp-json\/wp\/v2\/posts\/88263\/revisions\/88371"}],"wp:featuredmedia":[{"embeddable":true,"href":"https:\/\/www.archivio-affarinternazionali.it\/archivio\/wp-json\/wp\/v2\/media\/88338"}],"wp:attachment":[{"href":"https:\/\/www.archivio-affarinternazionali.it\/archivio\/wp-json\/wp\/v2\/media?parent=88263"}],"wp:term":[{"taxonomy":"category","embeddable":true,"href":"https:\/\/www.archivio-affarinternazionali.it\/archivio\/wp-json\/wp\/v2\/categories?post=88263"},{"taxonomy":"post_tag","embeddable":true,"href":"https:\/\/www.archivio-affarinternazionali.it\/archivio\/wp-json\/wp\/v2\/tags?post=88263"}],"curies":[{"name":"wp","href":"https:\/\/api.w.org\/{rel}","templated":true}]}}