{"id":88590,"date":"2021-06-20T23:24:14","date_gmt":"2021-06-20T21:24:14","guid":{"rendered":"https:\/\/www.archivio-affarinternazionali.it\/archivio\/?p=88590"},"modified":"2021-06-20T23:24:14","modified_gmt":"2021-06-20T21:24:14","slug":"a-est-di-pechino-le-mosse-green-della-corea-del-sud","status":"publish","type":"post","link":"https:\/\/www.archivio-affarinternazionali.it\/archivio\/2021\/06\/a-est-di-pechino-le-mosse-green-della-corea-del-sud\/","title":{"rendered":"A est di Pechino: le mosse green della Corea del Sud"},"content":{"rendered":"<p><img loading=\"lazy\" decoding=\"async\" class=\"size-medium wp-image-80673 alignleft\" src=\"https:\/\/www.archivio-affarinternazionali.it\/archivio\/wp-content\/uploads\/2020\/04\/Cara-AffarInternazionali_1200x6402-300x160.jpg\" alt=\"\" width=\"300\" height=\"160\" srcset=\"https:\/\/www.archivio-affarinternazionali.it\/archivio\/wp-content\/uploads\/2020\/04\/Cara-AffarInternazionali_1200x6402-300x160.jpg 300w, https:\/\/www.archivio-affarinternazionali.it\/archivio\/wp-content\/uploads\/2020\/04\/Cara-AffarInternazionali_1200x6402-768x410.jpg 768w, https:\/\/www.archivio-affarinternazionali.it\/archivio\/wp-content\/uploads\/2020\/04\/Cara-AffarInternazionali_1200x6402-1024x546.jpg 1024w, https:\/\/www.archivio-affarinternazionali.it\/archivio\/wp-content\/uploads\/2020\/04\/Cara-AffarInternazionali_1200x6402-125x67.jpg 125w, https:\/\/www.archivio-affarinternazionali.it\/archivio\/wp-content\/uploads\/2020\/04\/Cara-AffarInternazionali_1200x6402.jpg 1200w\" sizes=\"(max-width: 300px) 100vw, 300px\" \/>Il 2021 segna una congiuntura chiave per l\u2019<strong>azione climatica a livello globale<\/strong>, una chiara opportunit\u00e0 per rilanciare l\u2019economia in modo sostenibile nell\u2019era post-pandemica. Molti, compresi <a href=\"https:\/\/www.archivio-affarinternazionali.it\/archivio\/blogpost\/clima-usa-biden-verde-ue\/\" target=\"_blank\" rel=\"noopener\"><strong>Ue e Usa<\/strong><\/a>, guardano ad oriente con speciale interesse. La Cina in particolar modo rimane in testa alla classifica per emissioni di CO<sub>2<\/sub> in termini assoluti (nel 2019, circa il 27%), un trend che, nonostante il crollo temporaneo della pandemia, \u00e8 gi\u00e0 tornato a crescere.<\/p>\n<p>Naturalmente non \u00e8 sola, in un continente, quello asiatico, che conta molti tra i maggiori emettitori a livello globale (India, Indonesia, Giappone, Corea del Sud) e fatica a decarbonizzare la propria crescita economica. In questo scenario, <strong>la Corea del Sud rappresenta un caso interessante<\/strong>. Sotto lo slogan <em>\u201cGreen We Go, Change We Make\u201d, <\/em>usato al recente<em> Partnering for Green Growth and the Global Goals 2030<\/em> (<a href=\"https:\/\/p4gpartnerships.org\/\" target=\"_blank\" rel=\"noopener\">P4G<\/a>) Summit a Seul, il governo di <strong>Moon Jae-in<\/strong> sta infatti cercando di farsi spazio come <em>green leader<\/em>. <strong>Un cammino difficile, ma che potrebbe anche positivamente influenzare le principali potenze regionali<\/strong>, a partire proprio dalla Cina e dal Giappone.<strong><em>\u00a0<\/em><\/strong><\/p>\n<p><strong>La visione di Moon Jae-in<em><br \/>\n<\/em><\/strong>Il <a href=\"https:\/\/p4gpartnerships.org\/\" target=\"_blank\" rel=\"noopener\">P4G<\/a> Summit, ospitato dal governo sudcoreano a fine maggio, \u00e8 stato l\u2019occasione per il <a href=\"https:\/\/english1.president.go.kr\/BriefingSpeeches\/Speeches\/996\" target=\"_blank\" rel=\"noopener\">presidente Moon<\/a> di reiterare le promesse avanzate durante il vertice climatico organizzato lo scorso aprile dal Presidente Usa Joe Biden, ovvero l\u2019impegno della Corea del Sud al raggiungimento delle <strong>zero emissioni nette entro il 2050<\/strong>. La Corea cercher\u00e0 di sfruttare l\u2019innovazione verde e le proprie evolute tecnologie digitali per creare sinergie tra il Green New Deal e il Digital New Deal, i due pilastri principali del New Deal coreano.<\/p>\n<p>Il taglio netto delle emissioni attraverso la <strong>decarbonizzazione dell\u2019industria nazionale<\/strong> costituisce l\u2019obiettivo primario del piano di ripresa coreano. L&#8217;eliminazione graduale delle centrali a carbone &#8211; o la loro conversione &#8211; e l\u2019impostazione di un percorso credibile nel medio termine richiedono in primis una drastica accelerazione delle tecnologie pulite. La Corea punta infatti ad investimenti in fonti <em>low-carbon<\/em> anche tramite la creazione di partnership pubblico-private capaci di incentivare la ricerca e lo sviluppo nel settore delle energie rinnovabili. Nello specifico, il Paese ha intenzione di impegnare circa <strong>61 miliardi di dollari in cinque anni<\/strong> (2020-25) per aumentare la capacit\u00e0 di energia rinnovabile a 42,7 GW entro il 2025 (da 12,7 GW nel 2019) ed espandere la flotta di mobilit\u00e0 verde a 1,33 milioni di veicoli elettrici e a idrogeno.<\/p>\n<p>Non sar\u00e0 facile. In realt\u00e0, il successo economico della nazione negli ultimi decenni, che l\u2019ha trasformata da Paese in via di sviluppo in una potenza economica significativa, \u00e8 stato guidato principalmente <strong>dalle industrie ad alta intensit\u00e0 energetica<\/strong> (alimentate in gran parte dal carbone). In aggiunta, la principale fonte nazionale di energia a basse emissioni di carbonio rimane il nucleare (da cui deriva il 10% dell\u2019energia destinata al consumo nazionale), mentre <strong>le rinnovabili rivestono ancora un ruolo marginale<\/strong> (3% del consumo di energia primaria).<em>\u00a0<\/em><\/p>\n<p><strong>Costruire credibilit\u00e0<em><br \/>\n<\/em><\/strong>Solo pochi mesi prima del P4G, in ogni caso, Moon aveva promesso di fermare il finanziamento statale delle centrali a carbone all&#8217;estero. A sostegno di tale intenzione, il <em>National Pension Service<\/em> della Corea del Sud &#8211; terzo fondo pensione pi\u00f9 grande del mondo &#8211; ha annunciato la volont\u00e0 di non investire in alcun progetto per nuove centrali a carbone in patria e all&#8217;estero, in linea con gli sforzi globali per ridurre le emissioni di carbonio. Passi importanti per uno Stato che \u00e8 il quarto pi\u00f9 grande importatore di carbone al mondo e il terzo pi\u00f9 grande sovvenzionatore in progetti di carbone all&#8217;estero (secondo <a href=\"https:\/\/storage.googleapis.com\/planet4-international-stateless\/2019\/11\/ea2d3c1d-double_standard_report-high-resolution.pdf\" target=\"_blank\" rel=\"noopener\">Greenpeace<\/a> circa 5,7 miliardi di dollari investiti da agenzie finanziarie pubbliche tra il mese di gennaio 2013 e il mese di agosto 2019, per una capacit\u00e0 di 7 GW). \u00a0Sul carbone sar\u00e0 osservata speciale anche la <strong>Kepco \u2013 la pi\u00f9 grande societ\u00e0 elettrica coreana a maggioranza statale<\/strong>.<\/p>\n<p>Il P4G Summit ha rappresentato anche l\u2019occasione per Seul di <strong>svelare nuove ambizioni<\/strong>, tra cui la creazione di un fondo di 5 milioni di dollari riservato alla transizione energetica dei paesi in via di sviluppo. L\u2019intenzione, come ricordato dal Ppesidente Moon al Summit, \u00e8 che la Corea faccia da ponte tra i paesi avanzati e quelli in via di sviluppo per rafforzare la solidariet\u00e0 e la cooperazione internazionale su questi temi.<\/p>\n<p><strong>Oltre la COP26<em><br \/>\n<\/em><\/strong>Il summit si \u00e8 concluso con l\u2019adozione della Dichiarazione di Seul, sottoscritta dai principali leader mondiali, tra cui l\u2019inviato speciale americano per il clima <a href=\"https:\/\/www.archivio-affarinternazionali.it\/archivio\/2020\/11\/con-biden-e-kerry-il-ritorno-di-una-superpotenza-climatica\/\" target=\"_blank\" rel=\"noopener\"><strong>John Kerry<\/strong><\/a>, il ministro giapponese per l\u2019Ambiente Koizumi Shinjiro e il premier cinese Li Keqiang. Il <a href=\"https:\/\/en.yna.co.kr\/view\/AEN20210531008900315\" target=\"_blank\" rel=\"noopener\">sintetico testo<\/a> evidenzia gli ambiziosi obiettivi dell\u2019Accordo di Parigi, citando esplicitamente la promozione dell\u2019uso di idrogeno verde, l\u2019accelerazione verso le energie rinnovabili, la prevenzione della desertificazione e la salvaguardia dagli habitat marini.<\/p>\n<p>Significativa a questo proposito \u00e8 anche la partecipazione della <strong>Corea del Sud come nazione osservatrice al vertice <a href=\"https:\/\/www.archivio-affarinternazionali.it\/archivio\/2021\/06\/una-missione-lunga-una-settimana-per-rilanciare-il-multilateralismo\/\">G7<\/a><\/strong> riunitosi una settimana fa in Cornovaglia, che Seul potr\u00e0 sfruttare per consolidare la propria presenza globale in vista della <strong>COP26<\/strong> (a Glasgow, il prossimo novembre). Se da una parte il 2021 ci aiuter\u00e0 a capire quale sar\u00e0 la direzione intrapresa dalle principali potenze mondiali soprattutto tramite i propri piani di ripresa, anche gli anni a venire sono molto importanti.<\/p>\n<p>Il 2023 vedr\u00e0 in primis il concretizzarsi del primo Global Stocktake, il processo di revisione che valuta l\u2019azione climatica portata avanti finora dal 2015, anno degli accordi di Parigi. Il piano di rilancio coreano, se adeguatamente implementato, potr\u00e0 in primis <strong>contribuire favorevolmente a questa valutazione<\/strong>, fornendo altres\u00ec un modello per le vicine potenze regioni, soprattutto nella roadmap sul carbone.<\/p>\n<p><small> EPA\/Hollie Adams \/ POOL<\/small><\/p>\n<p>***<\/p>\n<p><small><strong><a href=\"https:\/\/www.archivio-affarinternazionali.it\/archivio\/category\/news\/cara-ai-ti-scrivo\/\" target=\"_blank\" rel=\"noopener\">\u201cCara AI Ti Scrivo\u201d<\/a><\/strong>\u00a0\u00e8 la rubrica che offre ai pi\u00f9 giovani (studenti, laureandi, neolaureati e stagisti) la possibilit\u00e0 di cimentarsi con analisi e commenti sulla politica internazionale. Mandateci le vostre proposte:\u00a0<a href=\"mailto:affarinternazionali@iai.it\" target=\"_blank\" rel=\"noopener\">affarinternazionali@iai.it<\/a>.<\/small><\/p>\n","protected":false},"excerpt":{"rendered":"<p>Il 2021 segna una congiuntura chiave per l\u2019azione climatica a livello globale, una chiara opportunit\u00e0 per rilanciare l\u2019economia in modo sostenibile nell\u2019era post-pandemica. Molti, compresi Ue e Usa, guardano ad oriente con speciale interesse. La Cina in particolar modo rimane in testa alla classifica per emissioni di CO2 in termini assoluti (nel 2019, circa il [&hellip;]<\/p>\n","protected":false},"author":39,"featured_media":88591,"comment_status":"closed","ping_status":"closed","sticky":false,"template":"","format":"standard","meta":{"footnotes":""},"categories":[2235],"tags":[73,77,470,2475,409,2797,117,1787,3137,2196,3138,3136],"_links":{"self":[{"href":"https:\/\/www.archivio-affarinternazionali.it\/archivio\/wp-json\/wp\/v2\/posts\/88590"}],"collection":[{"href":"https:\/\/www.archivio-affarinternazionali.it\/archivio\/wp-json\/wp\/v2\/posts"}],"about":[{"href":"https:\/\/www.archivio-affarinternazionali.it\/archivio\/wp-json\/wp\/v2\/types\/post"}],"author":[{"embeddable":true,"href":"https:\/\/www.archivio-affarinternazionali.it\/archivio\/wp-json\/wp\/v2\/users\/39"}],"replies":[{"embeddable":true,"href":"https:\/\/www.archivio-affarinternazionali.it\/archivio\/wp-json\/wp\/v2\/comments?post=88590"}],"version-history":[{"count":4,"href":"https:\/\/www.archivio-affarinternazionali.it\/archivio\/wp-json\/wp\/v2\/posts\/88590\/revisions"}],"predecessor-version":[{"id":88605,"href":"https:\/\/www.archivio-affarinternazionali.it\/archivio\/wp-json\/wp\/v2\/posts\/88590\/revisions\/88605"}],"wp:featuredmedia":[{"embeddable":true,"href":"https:\/\/www.archivio-affarinternazionali.it\/archivio\/wp-json\/wp\/v2\/media\/88591"}],"wp:attachment":[{"href":"https:\/\/www.archivio-affarinternazionali.it\/archivio\/wp-json\/wp\/v2\/media?parent=88590"}],"wp:term":[{"taxonomy":"category","embeddable":true,"href":"https:\/\/www.archivio-affarinternazionali.it\/archivio\/wp-json\/wp\/v2\/categories?post=88590"},{"taxonomy":"post_tag","embeddable":true,"href":"https:\/\/www.archivio-affarinternazionali.it\/archivio\/wp-json\/wp\/v2\/tags?post=88590"}],"curies":[{"name":"wp","href":"https:\/\/api.w.org\/{rel}","templated":true}]}}