{"id":88695,"date":"2021-06-28T00:45:58","date_gmt":"2021-06-27T22:45:58","guid":{"rendered":"https:\/\/www.archivio-affarinternazionali.it\/archivio\/?p=88695"},"modified":"2021-07-06T11:16:07","modified_gmt":"2021-07-06T09:16:07","slug":"divisioni-religiose-alleanze-pericolose","status":"publish","type":"post","link":"https:\/\/www.archivio-affarinternazionali.it\/archivio\/2021\/06\/divisioni-religiose-alleanze-pericolose\/","title":{"rendered":"Divisioni religiose e alleanze pericolose"},"content":{"rendered":"<p>Di recente il mondo cattolico \u00e8 stato scosso da due eventi. Primo, il voto con cui la<a href=\"https:\/\/www.archivio-affarinternazionali.it\/archivio\/2021\/06\/i-vescovi-usa-pensano-a-un-rinvio-pilatesco-sulla-comunione-a-biden\/\" target=\"_blank\" rel=\"noopener\"><strong> Conferenza episcopale americana<\/strong><\/a> ha annunciato un\u2019<strong>azione punitiva nei confronti dei fedeli che non combattono con ogni mezzo l\u2019aborto<\/strong> (a cominciare, vedi caso, dal presidente in carica <strong>Joe Biden<\/strong>); poi la <strong>nota verbale della segreteria di Stato vaticana al governo italiano<\/strong>, critica del ddl Zan contro l\u2019omotransfobia in esame al Senato. Entrambi sono stati in prevalenza commentati in relazione ai due contesti politici nazionali del momento; e alle divisioni interne alla Chiesa.<\/p>\n<p>Qui si muove, s\u00ec, da tali divisioni ma si intende allargarne la prospettiva all\u2019insieme della questione religiosa nella societ\u00e0 globale di oggi. Esse, infatti, <strong>non riguardano solo il cattolicesimo<\/strong>, e neppure solo il pi\u00f9 ampio cristianesimo. \u00c8 un fenomeno percepibile presso pi\u00f9 fedi e in pi\u00f9 regioni, in conseguenza dei trend manifestatisi da ormai pi\u00f9 di un decennio verso una maggiore secolarizzazione nel mondo, variamente descritta nelle indagini demoscopiche. (si veda, ad esempio, l&#8217;analisi di Ronald F. Inglehart su Foreign Affairs: &#8220;<a href=\"https:\/\/www.foreignaffairs.com\/articles\/world\/2020-08-11\/religion-giving-god\" target=\"_blank\" rel=\"noopener\">Giving Up on God. The Global Decline of Religion<\/a>&#8220;)<\/p>\n<p>La risposta alla pandemia \u00e8 sembrata venire a conferma della tendenza in questione, essendo stata ben pi\u00f9 laica di quelle a precedenti pestilenze e simili, comunemente attribuite a castighi di Dio. Nel sentire della gente il ruolo salvifico \u00e8 ricaduto principalmente sulla scienza e sulla tecnica (terapie intensive e ultrarapida conquista di antidoti efficaci), sullo Stato e sul mercato (intervento pubblico e produzione degli strumenti medici, dalle mascherine ai vaccini). Nel dramma, l\u2019imperativo della comunicazione ha messo in ombra quello della preghiera e l\u2019effetto dolcificante della solidariet\u00e0 civile, elargita dagli \u201ceroi\u201d dei servizi sanitari, ha prevalso sull\u2019accettazione di fede, benedetta dai ministri dei culti \u2013 salvo che per i riti funebri, quando non resi impossibili da numeri impietosi in diversi angoli della Terra -.<\/p>\n<p>Due fattori sembrano essere particolarmente rilevanti nello spingere gli umani <strong>verso la secolarizzazione<\/strong>. Uno riguarda la societ\u00e0 ed \u00e8 legato alla questione del <strong>ruolo delle donne<\/strong> e a tutto quanto vi gira attorno, rispetto a cui quasi tutte le religioni devono fare i conti con tradizioni, scritte e non, basate sulla superiorit\u00e0 dell\u2019uomo. L\u2019altro \u00e8 pi\u00f9 culturale e discende dal<strong> declino del mistero e dell\u2019intervento divino<\/strong>, a seguito delle spiegazioni che di ogni tipo di fenomeno sembrano poterci dare le galoppanti conoscenze scientifiche, non solo in campo epidemiologico.<\/p>\n<p>Poich\u00e9 entrambi fattori appaiono difficilmente reversibili, <strong>i leader religiosi si dividono fra il rifiuto e l\u2019adattamento<\/strong>, entrambe soluzioni che, anche se diversamente, espongono le fedi a una loro minore influenza nelle societ\u00e0, in vari casi a ruoli minoritari al loro interno. \u00c8 vero che le divisioni all\u2019interno dei credi non sono una novit\u00e0, la storia che abbiamo imparato a scuola avendoci insegnato di guerre sanguinose e interminabile ad esse dovute. \u00a0Tuttavia la frattura che si delinea adesso fra una componente pi\u00f9 conservatrice, dottrinaria e identitaria e una pi\u00f9 spirituale, solidale e dialogante potrebbe esser di una significativa profondit\u00e0. Non a caso la parola \u201cscisma\u201d sembra ricorrere con pi\u00f9 frequenza di questi tempi.<\/p>\n<p>Il ruolo della prima componente \u00e8 stato ben visibile, <a href=\"https:\/\/www.archivio-affarinternazionali.it\/archivio\/2020\/09\/il-ritorno-dei-credi-religione-e-secolarizzazione-nel-mondo-di-oggi-da-trump-alleuropa\/\" target=\"_blank\" rel=\"noopener\">come abbiamo gi\u00e0 avuto modo di notare<\/a>, <strong>nell\u2019America cristiana<\/strong> degli<em> Evangelicals<\/em>, che continuano ad esercitare un forte influenza nella trasformazione in corso del partito repubblicano; lo \u00e8 stato <strong>nell\u2019Israele ebraico<\/strong> di Benjamin Netanyahu e continua ad esserlo con il ruolo esercitato dagli ortodossi nella <a href=\"https:\/\/www.archivio-affarinternazionali.it\/archivio\/2021\/06\/bennett-premier-in-israele-nasce-il-governo-anti-netanyahu\/\" target=\"_blank\" rel=\"noopener\">contraddittoria maggioranza<\/a> che vi \u00e8 subentrata; lo \u00e8 stato <strong>nella Turchia musulmana<\/strong> di Erdogan, che ora proibisce la musica dopo la mezzanotte; continua ad esserlo <strong>nell\u2019India induista<\/strong> di Modi, pur fumante dei roghi delle vittime della pandemia.<\/p>\n<p>Orbene, a fronte di questi\u00a0 come di vari altri casi che si potrebbero menzionare, esistono orientamenti e raggruppamenti religiosi di tipo pi\u00f9 spirituale, o\u00a0 mistico, guidati dal senso della fraternit\u00e0, dell\u2019agape, pure presente in quasi tutte le rispettive tradizioni. Essi per\u00f2 tendono ad essere meno noti e citati rispetto alle prime, che, come si rileva dalla casistica riferita, convivono in sinergia con importanti esponenti politici e di governo, aventi in comune l\u2019ispirazione autoritaria e nazionalista nella loro condotta, dunque in una qualche armonia con la preferenza dottrinaria e identitaria dei gruppi religiosi corrispondenti.<\/p>\n<p>\u00c8 alla luce di questo quadro complessivo che si pu\u00f2 tornare ai due eventi occorsi nella sfera cattolica, da cui siamo partiti. E che, tra l\u2019altro, sono stati visti come suscettibili di <strong>mettere in questione il papato di Francesco<\/strong>. Esiste una coerenza di fatto, anche geopolitica, fra il 70% di vescovi americani che in assemblea sono stati per la linea dura sull\u2019aborto (e che magari avevano votato per Trump, contro il cattolico Biden) e quei vescovi italiani che, pur con tutte le successive prudenze del caso, hanno sostenuto la nota consegnata dall\u2019arcivescovo Paul Gallagher al nostro ambasciatore presso la Santa Sede.<\/p>\n<p>Ora, forse non a caso, tale nota \u00e8 stata applaudita anche da Matteo Salvini e da Giorgia Meloni, cio\u00e8 dai fan italiani dell\u2019imbarazzante <strong>autocrate Victor Orb\u00e1n<\/strong>, divenuto campione delle leggi contro la tolleranza sessuale e di genere al punto di mettere in questione la partecipazione dell\u2019Ungheria all\u2019Unione europea.<\/p>\n","protected":false},"excerpt":{"rendered":"<p>Di recente il mondo cattolico \u00e8 stato scosso da due eventi. Primo, il voto con cui la Conferenza episcopale americana ha annunciato un\u2019azione punitiva nei confronti dei fedeli che non combattono con ogni mezzo l\u2019aborto (a cominciare, vedi caso, dal presidente in carica Joe Biden); poi la nota verbale della segreteria di Stato vaticana al [&hellip;]<\/p>\n","protected":false},"author":22,"featured_media":88696,"comment_status":"closed","ping_status":"closed","sticky":false,"template":"","format":"standard","meta":{"footnotes":""},"categories":[2026],"tags":[3158,1616,3159,92,95,520,2973,130],"_links":{"self":[{"href":"https:\/\/www.archivio-affarinternazionali.it\/archivio\/wp-json\/wp\/v2\/posts\/88695"}],"collection":[{"href":"https:\/\/www.archivio-affarinternazionali.it\/archivio\/wp-json\/wp\/v2\/posts"}],"about":[{"href":"https:\/\/www.archivio-affarinternazionali.it\/archivio\/wp-json\/wp\/v2\/types\/post"}],"author":[{"embeddable":true,"href":"https:\/\/www.archivio-affarinternazionali.it\/archivio\/wp-json\/wp\/v2\/users\/22"}],"replies":[{"embeddable":true,"href":"https:\/\/www.archivio-affarinternazionali.it\/archivio\/wp-json\/wp\/v2\/comments?post=88695"}],"version-history":[{"count":4,"href":"https:\/\/www.archivio-affarinternazionali.it\/archivio\/wp-json\/wp\/v2\/posts\/88695\/revisions"}],"predecessor-version":[{"id":88705,"href":"https:\/\/www.archivio-affarinternazionali.it\/archivio\/wp-json\/wp\/v2\/posts\/88695\/revisions\/88705"}],"wp:featuredmedia":[{"embeddable":true,"href":"https:\/\/www.archivio-affarinternazionali.it\/archivio\/wp-json\/wp\/v2\/media\/88696"}],"wp:attachment":[{"href":"https:\/\/www.archivio-affarinternazionali.it\/archivio\/wp-json\/wp\/v2\/media?parent=88695"}],"wp:term":[{"taxonomy":"category","embeddable":true,"href":"https:\/\/www.archivio-affarinternazionali.it\/archivio\/wp-json\/wp\/v2\/categories?post=88695"},{"taxonomy":"post_tag","embeddable":true,"href":"https:\/\/www.archivio-affarinternazionali.it\/archivio\/wp-json\/wp\/v2\/tags?post=88695"}],"curies":[{"name":"wp","href":"https:\/\/api.w.org\/{rel}","templated":true}]}}