{"id":88723,"date":"2021-06-30T07:20:14","date_gmt":"2021-06-30T05:20:14","guid":{"rendered":"https:\/\/www.archivio-affarinternazionali.it\/archivio\/?p=88723"},"modified":"2021-07-09T08:01:20","modified_gmt":"2021-07-09T06:01:20","slug":"i-100-anni-e-non-sentirli-del-partito-comunista-cinese","status":"publish","type":"post","link":"https:\/\/www.archivio-affarinternazionali.it\/archivio\/2021\/06\/i-100-anni-e-non-sentirli-del-partito-comunista-cinese\/","title":{"rendered":"I 100 anni (e non sentirli) del Partito comunista cinese"},"content":{"rendered":"<p>Il <strong>Partito comunista cinese<\/strong>\u00a0(Pcc) di oggi non \u00e8 lo stesso di <strong>100 anni fa<\/strong> ma, ad essere onesti, non \u00e8 nemmeno lo stesso di dieci anni fa. Dopotutto anche <strong>la Cina non \u00e8 la stessa<\/strong>. Tuttavia, il Pcc del 2021 rispetto al Pcc del 2010 sta innegabilmente subendo un\u2019involuzione che non si dirige verso le origini del Partito e dunque verso un\u2019identit\u00e0 rivoluzionaria, bens\u00ec somiglia a una fase ben pi\u00f9 complessa e in una certa misura pi\u00f9 buia della storia del Partito, che <strong>celebra convenzionalmente il suo centenario il 1\u00b0 luglio<\/strong>.<\/p>\n<p>Gli anni che passarono tra la fine degli anni \u201850 alla morte di <strong>Mao<\/strong> <strong>Zedong<\/strong> (1976) portarono l\u2019alternarsi di alti e bassi che, per\u00f2, videro cittadini cinesi morire come risultato delle politiche del Partito (e di eventi metereologici avversi) e la stella di numerosi membri del Pcc cambiare all\u2019improvviso. \u00c8 discutibile che tutta la responsabilit\u00e0 si trovi nell\u2019accentramento del potere nelle mani di Mao, ma indubbiamente la mancanza di un sistema di controlli e di limiti nei confronti delle azioni del Grande Timoniere ha influito pesantemente sulla direzione che il Pcc prese in quegli anni.<\/p>\n<p>Dopo la sua morte, il padre della riforma economica in Cina, <strong>Deng Xiaoping<\/strong> si assicur\u00f2 che il potere giacesse nelle mani del Partito e non di un singolo e introdusse il limite di due mandati presidenziali. Dopo circa 40 anni dall\u2019inizio delle riforme, la Cina \u00e8 una superpotenza globale e perci\u00f2 non sorprende che il sostegno per il Partito sia ancora alto. Dunque, <strong>nonostante l\u2019et\u00e0, possiamo affermare che il Pcc gode ancora buona salute<\/strong>.<\/p>\n<figure id=\"attachment_88726\" aria-describedby=\"caption-attachment-88726\" style=\"width: 300px\" class=\"wp-caption alignright\"><img loading=\"lazy\" decoding=\"async\" class=\"size-medium wp-image-88726\" src=\"https:\/\/www.archivio-affarinternazionali.it\/archivio\/wp-content\/uploads\/2021\/06\/IAI4_20210630071406576_2024a33b2fe2f3682d5c2152b53f3c11-e1625030257105-300x169.jpeg\" alt=\"\" width=\"300\" height=\"169\" srcset=\"https:\/\/www.archivio-affarinternazionali.it\/archivio\/wp-content\/uploads\/2021\/06\/IAI4_20210630071406576_2024a33b2fe2f3682d5c2152b53f3c11-e1625030257105-300x169.jpeg 300w, https:\/\/www.archivio-affarinternazionali.it\/archivio\/wp-content\/uploads\/2021\/06\/IAI4_20210630071406576_2024a33b2fe2f3682d5c2152b53f3c11-e1625030257105-768x432.jpeg 768w, https:\/\/www.archivio-affarinternazionali.it\/archivio\/wp-content\/uploads\/2021\/06\/IAI4_20210630071406576_2024a33b2fe2f3682d5c2152b53f3c11-e1625030257105-1024x576.jpeg 1024w, https:\/\/www.archivio-affarinternazionali.it\/archivio\/wp-content\/uploads\/2021\/06\/IAI4_20210630071406576_2024a33b2fe2f3682d5c2152b53f3c11-e1625030257105-495x278.jpeg 495w, https:\/\/www.archivio-affarinternazionali.it\/archivio\/wp-content\/uploads\/2021\/06\/IAI4_20210630071406576_2024a33b2fe2f3682d5c2152b53f3c11-e1625030257105-360x203.jpeg 360w, https:\/\/www.archivio-affarinternazionali.it\/archivio\/wp-content\/uploads\/2021\/06\/IAI4_20210630071406576_2024a33b2fe2f3682d5c2152b53f3c11-e1625030257105-125x70.jpeg 125w, https:\/\/www.archivio-affarinternazionali.it\/archivio\/wp-content\/uploads\/2021\/06\/IAI4_20210630071406576_2024a33b2fe2f3682d5c2152b53f3c11-e1625030257105-850x480.jpeg 850w, https:\/\/www.archivio-affarinternazionali.it\/archivio\/wp-content\/uploads\/2021\/06\/IAI4_20210630071406576_2024a33b2fe2f3682d5c2152b53f3c11-e1625030257105.jpeg 1920w\" sizes=\"(max-width: 300px) 100vw, 300px\" \/><figcaption id=\"caption-attachment-88726\" class=\"wp-caption-text\">EPA\/ROMAN PILIPEY<\/figcaption><\/figure>\n<p><strong>Un sostegno che va oltre l&#8217;economia<\/strong><br \/>\nLa domanda che rimane senza una risposta \u00e8 <strong>per quanto ancora durer\u00e0 il successo<\/strong> del Pcc? La risposta dipende da come si valuta la sopravvivenza del Partito: dipende dalla capacit\u00e0 da parte del Partito di garantire benessere economico alla propria popolazione, come spesso argomentato da alcuni, o \u00e8 qualcosa di pi\u00f9? Se la convinzione \u00e8 che nonostante tutto il Pcc sia arrivato dov\u2019\u00e8 oggi grazie alla capacit\u00e0 di garantire un sempre crescente benessere economico, allora forse il Partito potrebbe avere vita ben pi\u00f9 breve di quanto non si pensi. Le difficolt\u00e0 in tale arena andranno crescendo e non sar\u00e0 affatto facile per il Pcc riuscire a mantenere i livelli di crescita degli scorsi anni, garantire occupazioni di qualit\u00e0, chiudere il divario tra zone rurali e zone urbane e portare avanti una transizione verde, per menzionarne alcune.<\/p>\n<p>Tuttavia, \u00e8 probabile che la fonte di sostegno e di potere del Pcc vada <strong>ben oltre il benessere economico<\/strong>. Attualmente siamo noi stessi testimoni di uno s<strong>postamento della narrazione da temi economici a temi di natura politico-ideologica<\/strong>. Il Pcc ha sviluppato un percorso, anche pedagogico, che <strong>lega a doppio filo l\u2019identit\u00e0 cinese al Partito comunista<\/strong>\u00a0&#8211; per cui offendere il Pcc significa offendere il Paese e viceversa, ma anche pi\u00f9 interessante \u00e8 come ha reso difficile immaginare l\u2019identit\u00e0 della Cina contemporanea priva del Pcc, non solo tra i propri cittadini ma anche tra gli osservatori esterni.<\/p>\n<p>Questa narrazione viene poi rafforzata da un crescente <strong>clima internazionale ostile<\/strong> che non fa altro che alimentare l\u2019idea che Cina e Pcc siano una cosa sola e fornisce un eccellente strumento al Partito per giustificare eventuali fallimenti e problemi, nonch\u00e9 per distogliere l\u2019attenzione dagli stessi a favore di una storia nazionalista.<\/p>\n<p><strong>La figura di Xi<\/strong><br \/>\nLa ciliegina sulla torta e la novit\u00e0 dell\u2019ultimo decennio del Pcc \u00e8 il ritorno all&#8217;<strong>identificazione del Partito nel suo leader<\/strong>, <strong>Xi Jinping<\/strong>. Inutile ripetere che una dinamica simile non si presentava dalla morte di Mao Zedong; interessante \u00e8 invece ricollegare questo a ci\u00f2 che si \u00e8 menzionato sopra in relazioni ad \u201canni pi\u00f9 bui\u201d.<\/p>\n<p>La collettivizzazione del Partito, se cos\u00ec possiamo chiamarla, e il limite a due mandati erano stati pensata proprio per evitare che le dinamiche emerse in quegli anni si ripetessero. Ora che invece assistiamo a un <strong>accentramento del potere in una sola figura<\/strong>, vediamo quelle dinamiche ripresentarsi, con uno stile e una forma differenti, ma quelle sono. Dalla campagna contro la corruzione, met\u00e0 contro la corruzione e met\u00e0 contro personaggi scomodi, all\u2019innegabile riduzione lo spazio di manovra per opinioni altre rispetto a quelle di Xi e infine, l\u2019apparente assenza all\u2019orizzonte di un erede al nuovo imperatore dopo la cancellazione del limite dei due mandati. In pi\u00f9 il Pcc di oggi pu\u00f2 fare affidamento su un apparato tecnologico che permette livelli di controllo precedentemente impensabili.<\/p>\n<p>Il Pcc del 2021 \u00e8 ben diverso rispetto a quello del 1921, di rivoluzionario possiede ben poco e si premura di ricordare a tutti che il periodo della rivoluzione \u00e8 terminato. <strong>Il Pcc del 2021 \u00e8 intento ad accentrare potere e controllo<\/strong>, per quanto possibile in un Paese esteso e popoloso come la Cina, e a riscrivere il proprio passato a servizio di una narrazione che vede la Cina destinata ad un glorioso futuro. Innegabilmente il Pcc del 2021 \u00e8 ancora un Partito di successo con numerosi sostenitori dentro e fuori i propri confini nazionali, dopotutto, nonostante tutto, il Pcc ha vanta numerosi successi. Questo dato, che piaccia o meno, sembra indicare che <strong>per il futuro prossimo (probabilmente anche meno prossimo) il Pcc rimarr\u00e0 dov\u2019\u00e8<\/strong>.<\/p>\n<p><small> Foto di copertina EPA\/ROMAN PILIPEY <\/small><\/p>\n","protected":false},"excerpt":{"rendered":"<p>Il Partito comunista cinese\u00a0(Pcc) di oggi non \u00e8 lo stesso di 100 anni fa ma, ad essere onesti, non \u00e8 nemmeno lo stesso di dieci anni fa. Dopotutto anche la Cina non \u00e8 la stessa. Tuttavia, il Pcc del 2021 rispetto al Pcc del 2010 sta innegabilmente subendo un\u2019involuzione che non si dirige verso le [&hellip;]<\/p>\n","protected":false},"author":22,"featured_media":88725,"comment_status":"closed","ping_status":"closed","sticky":false,"template":"","format":"standard","meta":{"footnotes":""},"categories":[9],"tags":[77,950,949,633,598],"_links":{"self":[{"href":"https:\/\/www.archivio-affarinternazionali.it\/archivio\/wp-json\/wp\/v2\/posts\/88723"}],"collection":[{"href":"https:\/\/www.archivio-affarinternazionali.it\/archivio\/wp-json\/wp\/v2\/posts"}],"about":[{"href":"https:\/\/www.archivio-affarinternazionali.it\/archivio\/wp-json\/wp\/v2\/types\/post"}],"author":[{"embeddable":true,"href":"https:\/\/www.archivio-affarinternazionali.it\/archivio\/wp-json\/wp\/v2\/users\/22"}],"replies":[{"embeddable":true,"href":"https:\/\/www.archivio-affarinternazionali.it\/archivio\/wp-json\/wp\/v2\/comments?post=88723"}],"version-history":[{"count":1,"href":"https:\/\/www.archivio-affarinternazionali.it\/archivio\/wp-json\/wp\/v2\/posts\/88723\/revisions"}],"predecessor-version":[{"id":88727,"href":"https:\/\/www.archivio-affarinternazionali.it\/archivio\/wp-json\/wp\/v2\/posts\/88723\/revisions\/88727"}],"wp:featuredmedia":[{"embeddable":true,"href":"https:\/\/www.archivio-affarinternazionali.it\/archivio\/wp-json\/wp\/v2\/media\/88725"}],"wp:attachment":[{"href":"https:\/\/www.archivio-affarinternazionali.it\/archivio\/wp-json\/wp\/v2\/media?parent=88723"}],"wp:term":[{"taxonomy":"category","embeddable":true,"href":"https:\/\/www.archivio-affarinternazionali.it\/archivio\/wp-json\/wp\/v2\/categories?post=88723"},{"taxonomy":"post_tag","embeddable":true,"href":"https:\/\/www.archivio-affarinternazionali.it\/archivio\/wp-json\/wp\/v2\/tags?post=88723"}],"curies":[{"name":"wp","href":"https:\/\/api.w.org\/{rel}","templated":true}]}}