{"id":89040,"date":"2021-08-03T11:25:58","date_gmt":"2021-08-03T09:25:58","guid":{"rendered":"https:\/\/www.archivio-affarinternazionali.it\/archivio\/?p=89040"},"modified":"2021-08-31T11:17:24","modified_gmt":"2021-08-31T09:17:24","slug":"libano-un-anno-dopo-il-dramma-di-uno-stato-che-non-ce","status":"publish","type":"post","link":"https:\/\/www.archivio-affarinternazionali.it\/archivio\/2021\/08\/libano-un-anno-dopo-il-dramma-di-uno-stato-che-non-ce\/","title":{"rendered":"Libano un anno dopo: il dramma di uno Stato che non c\u2019\u00e8"},"content":{"rendered":"<p><strong>Niente bacchetta magica per il Libano<\/strong>. Questo <a href=\"https:\/\/www.reuters.com\/world\/middle-east\/lebanese-president-meets-businessman-mikati-set-be-designated-premier-2021-07-26\/\" target=\"_blank\" rel=\"noopener\">lo ha messo subito in chiaro<\/a> il nuovo primo ministro designato, <strong>Najib Mikati<\/strong>, quando il 26 luglio ha ricevuto l\u2019incarico di formare un esecutivo dal presidente <strong>Micheal Aoun<\/strong>, subentrando al dimissionario <strong>Sa\u2019ad Hariri<\/strong>. Il magnate e parlamentare libanese \u00e8 nei circoli di potere da tempo, avendo ricoperto il ruolo di capo dell\u2019esecutivo gi\u00e0 due volte. La prima in qualit\u00e0 di premier ad interim all\u2019indomani dell\u2019<a href=\"https:\/\/www.archivio-affarinternazionali.it\/archivio\/2020\/08\/una-sentenza-giunta-a-15-anni-dalla-strage-di-san-valentino\/\" target=\"_blank\" rel=\"noopener\">assassinio di Rafik Hariri<\/a> nel 2005 e di nuovo, con pieni poteri, nel 2011 quando subentr\u00f2, in altre circostanze, a Sa\u2019ad Hariri, per poi dimettersi due anni pi\u00f9 tardi.<\/p>\n<p><strong>A un anno esatto dalla <a href=\"https:\/\/www.archivio-affarinternazionali.it\/archivio\/2020\/08\/un-colpo-definitivo-agli-equilibri-del-libano\/\" target=\"_blank\" rel=\"noopener\">tragica esplosione nel porto di Beirut<\/a><\/strong>, l\u2019attuale <strong>stallo politico-istituzionale<\/strong> iniziato 9 mesi fa con le dimissioni di Hassan Diab che ne erano scaturite e passando per il tentativo fallito di Hariri, assume connotati paradossali. Questi altro non sono che la perfetta incarnazione delle contraddizioni del sistema di potere che (non) governa il Paese e si modella piuttosto sugli interessi della classe politica, premurandosi di proteggerli ad ogni costo.<\/p>\n<p>Ad aver ricevuto l\u2019arduo compito di risollevare il Libano da quella che \u00e8 stata definita <a href=\"https:\/\/www.worldbank.org\/en\/news\/press-release\/2021\/05\/01\/lebanon-sinking-into-one-of-the-most-severe-global-crises-episodes\" target=\"_blank\" rel=\"noopener\">tra le [\u2026] pi\u00f9 serie crisi globali dalla seconda met\u00e0 dell&#8217;Ottocento<\/a>\u00a0\u00e8 oggi il <a href=\"https:\/\/www.forbes.com\/profile\/najib-mikati\/?sh=336e52ae78d6\" target=\"_blank\" rel=\"noopener\">secondo uomo pi\u00f9 ricco del paese<\/a>, fratello del primo in classifica. Un\u2019amara ironia se si contestualizza il suo patrimonio da 2,7 miliardi di dollari in un Libano che registra il secondo pi\u00f9 alto tasso di disuguaglianza nella regione. Allo stesso modo in cui <a href=\"https:\/\/www.archivio-affarinternazionali.it\/archivio\/2020\/10\/il-ritorno-di-hariri-rassicura-i-mercati-ma-infiamma-la-piazza\/\" target=\"_blank\" rel=\"noopener\">i mercati avevano salutato con favore la nomina di Hariri lo scorso ottobre<\/a>, anche la designazione di Mikati ha inizialmente<strong> risollevato il valore della lira libanese<\/strong>, dopo il picco negativo registrato con le dimissioni di Hariri. Tuttavia, si tratta di entusiasmi momentanei che non rompono l&#8217;impasse politica, che di nuovo si blocca sul nodo del <a href=\"https:\/\/today.lorientlejour.com\/article\/1270077\/the-interior-ministry-the-first-obstacle-in-the-cabinets-formation-again.html?utm_campaign=Post-69706&amp;utm_medium=email&amp;utm_source=CMS-34\" target=\"_blank\" rel=\"noopener\">ministero degli Interni<\/a>, ma soprattutto non cambiano la realt\u00e0 quotidiana della popolazione.<\/p>\n<p><strong>La designazione di Mikati lascia perplessi<\/strong><br \/>\nLa situazione \u00e8 davvero critica. <strong>L\u2019inflazione si attesta al 90%<\/strong> e i prezzi dei beni alimentari sono aumentati <a href=\"https:\/\/today.lorientlejour.com\/article\/1269947\/consumer-prices-double-year-on-year-as-lebanons-economic-crisis-deepens.html?utm_campaign=Post-69556&amp;utm_medium=email&amp;utm_source=CMS-34\" target=\"_blank\" rel=\"noopener\">di oltre il 220% nell\u2019ultimo anno<\/a>, causando una drammatica contrazione del potere di acquisto dei cittadini, di cui oltre il 50% vive in povert\u00e0, e spingendo addirittura gli <a href=\"https:\/\/english.alaraby.co.uk\/news\/lebanons-armed-forces-need-100-million-pay-soldiers\" target=\"_blank\" rel=\"noopener\">stipendi delle Forze armate<\/a> sotto la linea della povert\u00e0. <strong>Il sistema sanitario \u00e8 al collasso<\/strong> e la penuria di farmaci riaccende i riflettori sul pi\u00f9 ampio problema della <strong>totale dipendenza del Libano dalle importazioni<\/strong>, sempre pi\u00f9 insostenibile con una moneta che, letteralmente, vale poco pi\u00f9 che zero.<\/p>\n<p>Dalla prospettiva di chi vive quotidianamente questa situazione, le promesse del primo ministro designato lasciano perplessi e disillusi. A farle, d\u2019altronde, \u00e8 lo stesso Mikati che nell\u2019ottobre 2019 era stato <a href=\"https:\/\/www.reuters.com\/article\/us-lebanon-protests-mikati-idUSKBN1X213A\">accusato<\/a> assieme ad una banca libanese di aver realizzato guadagni illeciti su prestiti per abitazioni sussidiate dalla Banca centrale. Questo in un Paese in cui <strong>la corruzione rimane al centro della <a href=\"https:\/\/www.archivio-affarinternazionali.it\/archivio\/2019\/10\/libano-protesta-giovani-sfidano-governo\/\" target=\"_blank\" rel=\"noopener\">contestazione popolare<\/a><\/strong> iniziata nel 2019, che, ironia della sorte, ha avuto <a href=\"https:\/\/orientxxi.info\/magazine\/tripoli-the-bride-of-the-revolution,3543\" target=\"_blank\" rel=\"noopener\">tra i principali epicentri<\/a> proprio la citt\u00e0 natale di Mikati, Tripoli.<\/p>\n<p>Mikati \u00e8 un perfetto esemplare del sistema politico contro cui si stanno mobilitando i cittadini libanesi da quasi due anni, e che, con la sua negligenza criminale, \u00e8 responsabile della peggiore crisi libanese dal conflitto civile, nonch\u00e9 di quanto accaduto lo scorso anno al porto di Beirut. Il nuovo premier designato, secondo molti, \u00e8 l\u2019emblema di tutto ci\u00f2 che non va nel Paese, incarnando il clientelismo, la corruzione e la disuguaglianza esasperata che attanagliano il Libano.<\/p>\n<p>Messa in questi termini, la tentazione di demonizzare il singolo premier designato di turno \u00e8 forte, ma la realt\u00e0 \u00e8 che <strong>non sono n\u00e9 Mikati n\u00e9 Hariri o Diab il problema del Libano<\/strong>. Quello che sta divorando il Paese \u00e8 l\u2019intero sistema di potere e clientelismo che si riproduce dalla fine della guerra civile, fagocitando ogni risorsa pubblica e opportunit\u00e0 per un reale cambiamento strutturale esistenti, e di cui questi personaggi non rappresentano che un mero ingranaggio. Tutto ci\u00f2 \u00e8 perfettamente chiaro a quanti hanno fatto di <em>killon ya\u2019ni killon<\/em> (&#8220;tutti significa tutti&#8221;) il proprio slogan durante le proteste, ma nell\u2019attuale situazione di emergenza in cui versa il Libano, <strong>l\u2019assenza di alternative lascia ben poco margine di manovra<\/strong>. Ed \u00e8 quindi in questi personaggi e nei loro contatti internazionali che sono riposte ancora, le poche speranze rimaste.<\/p>\n<p><strong>Si aspetta giustizia<\/strong><br \/>\n<strong>A un anno dalla tragedia del porto di Beirut<\/strong>, in Francia si tiene una <strong>conferenza internazionale di aiuti<\/strong>, la seconda dallo scoppio delle <strong>2700 tonnellate di ammonio quel 4 agosto 2020<\/strong>. L\u2019obiettivo rimane lo stesso: raccogliere risorse che possano alleviare la drammatica situazione nel Paese. E le <strong>condizioni per l\u2019accesso ai prestiti<\/strong> pure restano immutate: la formazione di un governo in grado di attuare le riforme necessarie per risollevare il paese.<\/p>\n<p>La <a href=\"https:\/\/www.consilium.europa.eu\/en\/press\/press-releases\/2021\/07\/30\/lebanon-eu-adopts-a-framework-for-targeted-sanctions\/?s=08\" target=\"_blank\" rel=\"noopener\">scorsa settimana<\/a>, nel tentativo di fare pressione sulla classe politica libanese, l\u2019<strong>Unione europea<\/strong> ha ufficialmente adottato un <em>framework<\/em> legale per disporre sanzioni contro coloro i quali \u201cmettano in pericolo la democrazia o lo stato di diritto in Libano\u201d, senza per\u00f2 implementarne alcuna per il momento. Prima dell\u2019Ue, gi\u00e0 gli Usa avevano imposto dure sanzioni contro membri del partito <strong>Hezbollah<\/strong> e Jubran Bassil, leader del partito Free Patriotic Movement nonch\u00e9 genero del presidente.<\/p>\n<p>Tuttavia, simili pressioni, che comunque non si sono mai tradotte in una pi\u00f9 netta rottura con il regime libanese, non hanno portato ad oggi risultati significativi. Mentre la comunit\u00e0 internazionale si interroga su come riconciliare la paradossale necessit\u00e0 di interloquire con un governo funzionante e allo stesso tempo astenersi dal finanziare quanti hanno ridotto il Libano nella situazione attuale,<strong> il Paese aspetta ancora che sia fatta giustizia<\/strong>. La attendono le famiglie delle <strong>211 persone rimaste uccise<\/strong> nell\u2019esplosione del porto di Beirut e vittime loro stesse <a href=\"https:\/\/www.amnesty.org\/en\/latest\/news\/2021\/08\/lebanon-one-year-on-from-beirut-explosion-authorities-shamelessly-obstruct-justice\/\" target=\"_blank\" rel=\"noopener\">dell\u2019ostruzione alla giustizia<\/a> praticata delle autorit\u00e0 libanesi, ma soprattutto la attendono, assieme a loro, i cittadini libanesi tutti, che quotidianamente resistono a uno Stato che non c\u2019\u00e8 e a una classe politica corrotta che si ricicla e si rafforza nella cronicizzazione della crisi.<\/p>\n<p><small> Nella foto di copertina\u00a0EPA\/WAEL HAMZEH il monumento alle vittime dell&#8217;esplosione del 4 agosto 2020 nel porto di Beirut <\/small><\/p>\n","protected":false},"excerpt":{"rendered":"<p>Niente bacchetta magica per il Libano. Questo lo ha messo subito in chiaro il nuovo primo ministro designato, Najib Mikati, quando il 26 luglio ha ricevuto l\u2019incarico di formare un esecutivo dal presidente Micheal Aoun, subentrando al dimissionario Sa\u2019ad Hariri. Il magnate e parlamentare libanese \u00e8 nei circoli di potere da tempo, avendo ricoperto il [&hellip;]<\/p>\n","protected":false},"author":22,"featured_media":89042,"comment_status":"closed","ping_status":"closed","sticky":false,"template":"","format":"standard","meta":{"footnotes":""},"categories":[9],"tags":[544,1904,668,98,3230],"_links":{"self":[{"href":"https:\/\/www.archivio-affarinternazionali.it\/archivio\/wp-json\/wp\/v2\/posts\/89040"}],"collection":[{"href":"https:\/\/www.archivio-affarinternazionali.it\/archivio\/wp-json\/wp\/v2\/posts"}],"about":[{"href":"https:\/\/www.archivio-affarinternazionali.it\/archivio\/wp-json\/wp\/v2\/types\/post"}],"author":[{"embeddable":true,"href":"https:\/\/www.archivio-affarinternazionali.it\/archivio\/wp-json\/wp\/v2\/users\/22"}],"replies":[{"embeddable":true,"href":"https:\/\/www.archivio-affarinternazionali.it\/archivio\/wp-json\/wp\/v2\/comments?post=89040"}],"version-history":[{"count":2,"href":"https:\/\/www.archivio-affarinternazionali.it\/archivio\/wp-json\/wp\/v2\/posts\/89040\/revisions"}],"predecessor-version":[{"id":89044,"href":"https:\/\/www.archivio-affarinternazionali.it\/archivio\/wp-json\/wp\/v2\/posts\/89040\/revisions\/89044"}],"wp:featuredmedia":[{"embeddable":true,"href":"https:\/\/www.archivio-affarinternazionali.it\/archivio\/wp-json\/wp\/v2\/media\/89042"}],"wp:attachment":[{"href":"https:\/\/www.archivio-affarinternazionali.it\/archivio\/wp-json\/wp\/v2\/media?parent=89040"}],"wp:term":[{"taxonomy":"category","embeddable":true,"href":"https:\/\/www.archivio-affarinternazionali.it\/archivio\/wp-json\/wp\/v2\/categories?post=89040"},{"taxonomy":"post_tag","embeddable":true,"href":"https:\/\/www.archivio-affarinternazionali.it\/archivio\/wp-json\/wp\/v2\/tags?post=89040"}],"curies":[{"name":"wp","href":"https:\/\/api.w.org\/{rel}","templated":true}]}}