{"id":89062,"date":"2021-08-10T20:02:02","date_gmt":"2021-08-10T18:02:02","guid":{"rendered":"https:\/\/www.archivio-affarinternazionali.it\/archivio\/?p=89062"},"modified":"2021-08-11T08:35:25","modified_gmt":"2021-08-11T06:35:25","slug":"la-maledizione-dei-cuomo-vietato-avvicinarsi-alla-casa-bianca","status":"publish","type":"post","link":"https:\/\/www.archivio-affarinternazionali.it\/archivio\/2021\/08\/la-maledizione-dei-cuomo-vietato-avvicinarsi-alla-casa-bianca\/","title":{"rendered":"La maledizione dei Cuomo: vietato avvicinarsi alla Casa Bianca"},"content":{"rendered":"<p>Nella primavera del 2020, appena 16 mesi or sono, quando la candidatura di <strong>Joe Biden<\/strong> suscitava pi\u00f9 dubbi che entusiasmi, molti pensavano che <strong>l\u2019anti-Donald Trump democratico<\/strong> potesse essere proprio quel <strong>governatore italo-americano<\/strong> dalla faccia spigolosa, capace di fare molto meglio del presidente nella lotta alla pandemia e di tenergli mediaticamente testa nei loro briefing giornalieri. Ora, invece, la carriera di <strong>Andrew Cuomo<\/strong>, 63 anni, governatore dello Stato di New York, appare al capolinea, dopo le\u00a0<strong>dimissioni<\/strong> per una vicenda nel solco della campagna #MeToo, ma che rispecchia pure le antipatie suscitate dai modi spicci dell\u2019ex ministro di Bill Clinton e le polemiche sulle vittime da Covid-19 nella Grande Mela sottostimate, specie nelle case di riposo per anziani.<\/p>\n<p>Si direbbe che <strong>una sorta di maledizione pesa sui Cuomo<\/strong>: quando s\u2019avvicinano alla Casa Bianca, inizia il loro declino. Accadde pure a Mario, il padre di Andrew, anch\u2019egli governatore dello Stato di New York &#8211; a tre riprese, dal 1983 al 1995 -, candidato in pectore alla nomination democratica nel 1988 e nel 1992, ma mai sceso in lizza (si pens\u00f2 perch\u00e9 nel suo armadio c\u2019erano scheletri tipici della sua generazione di italo-americani).<\/p>\n<p><strong>L&#8217;indagine<\/strong><br \/>\nIl rapporto d\u2019indagine sulle accuse di molestie sessuali mosse a Cuomo, firmato dalla procuratrice dello Stato, la temibile e agguerrita Letitia James, \u00e8 lungo 165 pagine. Ma chi decidesse di scorrerlo \u2013 il Washington Post lo pubblica integralmente \u2013 sappia che non c\u2019\u00e8 dentro nulla a luci rosse, ma tracce di<strong> &#8220;una condotta che corrode il tessuto delle nostre istituzioni\u201d<\/strong>, scrive la procuratrice, definendo &#8220;eroine&#8221; le donne uscite allo scoperto.<\/p>\n<p>James, 62 anni, nera, democratica, che sul fronte fiscale sta pure tentando di incastrare Trump, ha raccolto le testimonianze di <strong>11 donne, molte giovani, nove dipendenti pubbliche<\/strong> \u2013 c\u2019\u00e8 pure un\u2019agente della sicurezza -, solo alcune delle quali sono identificate con nome e cognome. Tutte accusano il governatore di <strong>comportamenti inappropriati<\/strong>: battute, allusioni, commenti, contatti fisici tipo palpeggiamenti (mani poggiate sul sedere, pi\u00f9 che pacche, o sul seno) e \u201cabbracci\u201d sollecitati e \u201cpi\u00f9 stretti del necessario\u201d \u2013 una segretaria ricorda: \u201cMi serrava fino a potere sentire il mio petto contro il suo\u201d -; altre raccontano di baci, o meglio bacetti.<\/p>\n<p>Letitia James nota: &#8220;<strong>Sono violazioni delle leggi statali e federali&#8221;<\/strong>. Cuomo avrebbe pure compiuto abuso di potere, mettendo in atto rappresaglie contro chi contestava le molestie, creando, cos\u00ec, <strong>&#8220;un clima di paura e di intimidazione&#8221;<\/strong>.<\/p>\n<p><strong>Le accuse<\/strong><br \/>\nLui nega tutto, cio\u00e8 nega che i suoi comportamenti siano stati inappropriati; e prova a difendersi pubblicando un video. Ma <strong>Charlotte Bennett<\/strong>, una delle sue accusatrici, forse la pi\u00f9 determinata, perch\u00e9 gi\u00e0 passata attraverso l\u2019esperienza di un\u2019aggressione sessuale, non pensa che sia pentito, ma che non voglia \u201cassumersi le sue responsabilit\u00e0&#8221;.<\/p>\n<p>Bennett sostiene che il governatore le fece esplicite avances di natura sessuale nel giugno 2020, mentre erano nella sede del Congresso statale, ad Albany. Cuomo le chiese se fosse monogama e se avesse fatto sesso con altri uomini; e le chiese pure se per lei fosse un problema la differenza di et\u00e0 nelle relazioni, aggiungendo \u2013 racconta la donna &#8211; di essere aperto a rapporti anche con ventenni. Sempre Bennett contesta al governatore di averle canticchiato al telefono &#8220;Do you love me? Do you love me?&#8221;, un motivetto dei Contours popolare all&#8217;inizio degli Anni 60. In un audio acquisito dall\u2019inchiesta, la donna risponde apparendo divertita.<\/p>\n<p>Due giorni dopo la pubblicazione del rapporto d\u2019indagine, \u00e8 partita la prima denuncia penale, fatta dalla donna, identificata solo come un\u2019assistente, che accusa Cuomo di averla ripetutamente messa a disagio dal 2019, baciandola e abbracciandola, fino a metterle la mano sotto la camicetta toccandole il seno mentre erano nella residenza ufficiale del governatore.<\/p>\n<p><strong>Sempre pi\u00f9 isolato<\/strong><br \/>\nPoliticamente, la sorte di Cuomo appare segnata, anche se <strong>la storia americana \u00e8 zeppa di viaggi all\u2019inferno e ritorno<\/strong> \u2013 basta pensare a Richard Nixon -. Il governatore si \u00e8 dimesso, pur rigettando le accuse, per tutelare lo Stato di New York e sottrarlo alle turbolenze politiche.\u00a0Intanto, anche il suo partito lo aveva scaricato, dopo aver\u00a0avviato una procedura d\u2019impeachment; e il presidente Joe Biden, che lo aveva finora difeso, negli ultimi giorni si \u00e8 pronunciato per\u00a0le dimettersi; e lo stesso vale per la speaker della Camera <strong>Nancy Pelosi<\/strong> e per il capogruppo dei democratici al Senato <strong>Chuck Schumer<\/strong>, newyorchese. La vice di Cuomo, <strong>Kathy Hochul<\/strong>, avvocata che prendendone il posto diventa, a 62 anni, la prima governatrice dello Stato, parla di \u201ccomportamenti ripugnanti, inaccettabili e illegali&#8221;: &#8220;Nessuno pu\u00f2 essere al di sopra della legge&#8221;.<\/p>\n<p>Il New York Times aveva scritto che &#8220;Cuomo deve lasciare&#8221;, perch\u00e9 s\u2019\u00e8 \u201cormai spezzata la fiducia dell&#8217;opinione pubblica&#8221;, e denuncia, nel modo di fare del governatore, <strong>&#8220;vena egoistica e bullismo politico&#8221;<\/strong>, riconoscendo, per\u00f2, che con i suoi &#8220;Ciao, bella&#8221;, Cuomo era anche riuscito a creare consenso.<\/p>\n<p><strong>La maggioranza dei membri dell&#8217;Assemblea dello Stato di New York era favorevole all&#8217;impeachment,<\/strong>\u00a0nel caso in cui il governatore non si fosse dimesso.\u00a0I legali del governatore sostengono che le accuse sono false e che gli investigatori hanno seguito &#8220;un\u2019idea preconcetta: sono indagini a senso unico in cui Cuomo viene trattato in maniera iniqua&#8221;.<\/p>\n<p><small> Foto di copertina EPA\/MARY ALTAFFER \/ POOL <\/small><\/p>\n","protected":false},"excerpt":{"rendered":"<p>Nella primavera del 2020, appena 16 mesi or sono, quando la candidatura di Joe Biden suscitava pi\u00f9 dubbi che entusiasmi, molti pensavano che l\u2019anti-Donald Trump democratico potesse essere proprio quel governatore italo-americano dalla faccia spigolosa, capace di fare molto meglio del presidente nella lotta alla pandemia e di tenergli mediaticamente testa nei loro briefing giornalieri. [&hellip;]<\/p>\n","protected":false},"author":22,"featured_media":89063,"comment_status":"closed","ping_status":"closed","sticky":false,"template":"","format":"standard","meta":{"footnotes":""},"categories":[9],"tags":[1616,2278,3231,2273,1046,109],"_links":{"self":[{"href":"https:\/\/www.archivio-affarinternazionali.it\/archivio\/wp-json\/wp\/v2\/posts\/89062"}],"collection":[{"href":"https:\/\/www.archivio-affarinternazionali.it\/archivio\/wp-json\/wp\/v2\/posts"}],"about":[{"href":"https:\/\/www.archivio-affarinternazionali.it\/archivio\/wp-json\/wp\/v2\/types\/post"}],"author":[{"embeddable":true,"href":"https:\/\/www.archivio-affarinternazionali.it\/archivio\/wp-json\/wp\/v2\/users\/22"}],"replies":[{"embeddable":true,"href":"https:\/\/www.archivio-affarinternazionali.it\/archivio\/wp-json\/wp\/v2\/comments?post=89062"}],"version-history":[{"count":4,"href":"https:\/\/www.archivio-affarinternazionali.it\/archivio\/wp-json\/wp\/v2\/posts\/89062\/revisions"}],"predecessor-version":[{"id":89070,"href":"https:\/\/www.archivio-affarinternazionali.it\/archivio\/wp-json\/wp\/v2\/posts\/89062\/revisions\/89070"}],"wp:featuredmedia":[{"embeddable":true,"href":"https:\/\/www.archivio-affarinternazionali.it\/archivio\/wp-json\/wp\/v2\/media\/89063"}],"wp:attachment":[{"href":"https:\/\/www.archivio-affarinternazionali.it\/archivio\/wp-json\/wp\/v2\/media?parent=89062"}],"wp:term":[{"taxonomy":"category","embeddable":true,"href":"https:\/\/www.archivio-affarinternazionali.it\/archivio\/wp-json\/wp\/v2\/categories?post=89062"},{"taxonomy":"post_tag","embeddable":true,"href":"https:\/\/www.archivio-affarinternazionali.it\/archivio\/wp-json\/wp\/v2\/tags?post=89062"}],"curies":[{"name":"wp","href":"https:\/\/api.w.org\/{rel}","templated":true}]}}