{"id":89369,"date":"2021-09-22T10:10:41","date_gmt":"2021-09-22T08:10:41","guid":{"rendered":"https:\/\/www.archivio-affarinternazionali.it\/archivio\/?p=89369"},"modified":"2021-09-22T10:11:38","modified_gmt":"2021-09-22T08:11:38","slug":"bouteflika-una-volpe-del-deserto-in-unepoca-di-giganti","status":"publish","type":"post","link":"https:\/\/www.archivio-affarinternazionali.it\/archivio\/2021\/09\/bouteflika-una-volpe-del-deserto-in-unepoca-di-giganti\/","title":{"rendered":"Bouteflika: una volpe del deserto in un\u2019epoca di giganti"},"content":{"rendered":"<p style=\"font-weight: 400;\"><img loading=\"lazy\" decoding=\"async\" class=\"size-medium wp-image-80673 alignleft\" src=\"https:\/\/www.archivio-affarinternazionali.it\/archivio\/wp-content\/uploads\/2020\/04\/Cara-AffarInternazionali_1200x6402-300x160.jpg\" alt=\"\" width=\"300\" height=\"160\" srcset=\"https:\/\/www.archivio-affarinternazionali.it\/archivio\/wp-content\/uploads\/2020\/04\/Cara-AffarInternazionali_1200x6402-300x160.jpg 300w, https:\/\/www.archivio-affarinternazionali.it\/archivio\/wp-content\/uploads\/2020\/04\/Cara-AffarInternazionali_1200x6402-768x410.jpg 768w, https:\/\/www.archivio-affarinternazionali.it\/archivio\/wp-content\/uploads\/2020\/04\/Cara-AffarInternazionali_1200x6402-1024x546.jpg 1024w, https:\/\/www.archivio-affarinternazionali.it\/archivio\/wp-content\/uploads\/2020\/04\/Cara-AffarInternazionali_1200x6402-125x67.jpg 125w, https:\/\/www.archivio-affarinternazionali.it\/archivio\/wp-content\/uploads\/2020\/04\/Cara-AffarInternazionali_1200x6402.jpg 1200w\" sizes=\"(max-width: 300px) 100vw, 300px\" \/>Ci\u00f2 che fa frastuono nel mondo, dopo che <a href=\"https:\/\/www.archivio-affarinternazionali.it\/archivio\/2021\/09\/bouteflika-nel-bene-e-nel-male-un-leader-espressione-del-suo-tempo\/\" target=\"_blank\" rel=\"noopener\"><strong>Abdelaziz Bouteflika<\/strong><\/a> ha esalato il suo ultimo respiro, \u00e8 il <strong>suono del silenzio<\/strong>.\u00a0<a href=\"https:\/\/www.pressreader.com\/tunisia\/le-temps-tunisia\/20210919\" target=\"_blank\" rel=\"noopener\" data-saferedirecturl=\"https:\/\/www.google.com\/url?q=https:\/\/www.pressreader.com\/tunisia\/le-temps-tunisia\/20210919&amp;source=gmail&amp;ust=1632325154494000&amp;usg=AFQjCNEcZc4LKFRCzsjvABz5U_YmN9al9w\">Quello della televisione nazionale che dedica poco e niente all\u2019ex presidente, quello dei quotidiani<\/a>, quello del popolo dei social che si d\u00e0 all&#8217;humour nero \u201c\u00c8 morto Bouteflika \/ Di nuovo?\u201d. L&#8217;<strong>indifferenza<\/strong> finisce per essere il vero punto alla fine di una lunga frase, quella dei suoi <strong>quattro mandati<\/strong>. Anche se da qui a dire che si tratti di un punto e a capo, \u00e8 tutta un\u2019altra storia.<\/p>\n<p style=\"font-weight: 400;\">Quale che sia il giudizio della Storia, l\u2019ex presidente dell\u2019Algeria Bouteflika \u00e8 stata <strong>una figura chiave nel Mediterraneo del passato<\/strong>, quando <strong>Stati<\/strong>\u00a0<strong>grandi e piccoli tentavano di sopravvivere<\/strong>\u00a0in mezzo alla lotta titanica tra due super potenze: Stati Uniti e Unione Sovietica, impegnati in un braccio di ferro di <strong>alleanze e contro-alleanze anche in Africa<\/strong>, anche nel Maghreb. Bouteflika ha avuto se non il merito, <strong>la<\/strong> <strong>peculiarit\u00e0 di sapersi destreggiare<\/strong> \u2013 lui piccolo per statura e importanza, una figura quasi infantile quando \u00e8 catturato in foto vicino a Saddam Hussein o Assad padre \u2013 in un periodo storico non facile per chi non voleva allearsi con nessuno dei due giganti globali.\u00a0Almeno prima che la vecchiaia lo costringesse sulla sedia a rotella, afatico, una specie di vestigia del passato di un\u2019Africa mediterranea coinvolta nel tango di alleanze e giochi di equilibrio tra Mosca e Washington. E di quell\u2019epoca e della sua degenerazione \u2013 la stessa di un altro leader sclerotizzato, il tunisino Habib Bourguiba \u2013 il \u201cdinosauro\u201d della politica algerina\u00a0<a href=\"https:\/\/www.voaafrique.com\/a\/bouteflika-n-avait-pas-compris-que-l-alg%C3%A9rie-ne-pouvait-pas-sanctionner-un-pr%C3%A9sident-%C3%A0-vie-\/6235419.html\" target=\"_blank\" rel=\"noopener\" data-saferedirecturl=\"https:\/\/www.google.com\/url?q=https:\/\/www.voaafrique.com\/a\/bouteflika-n-avait-pas-compris-que-l-alg%25C3%25A9rie-ne-pouvait-pas-sanctionner-un-pr%25C3%25A9sident-%25C3%25A0-vie-\/6235419.html&amp;source=gmail&amp;ust=1632325154494000&amp;usg=AFQjCNFIO5Y4OXntaGLlJRPvfZVVfiASgA\">ha incarnato la parabola<\/a>.<\/p>\n<p><strong>Da incendiario a pompiere<\/strong><br \/>\nPrima il <strong>Bouteflika incendiario<\/strong>, un rivoluzionario (come amava definirsi lui) di cui per\u00f2, soprattutto per quanto riguarda il periodo della guerra di liberazione dalla Francia, si ricordano di pi\u00f9 le diserzioni che gli atti di valor militare. Lui stesso si premur\u00f2 a tenere il riserbo su buona parte della sua vita, come la nascita in Marocco, depennata dalle biografie ufficiali per motivi di opportunismo politico. Intraprendente braccio destro di Houari Boum\u00e9di\u00e8ne che <strong>nel ruolo del pi\u00f9 giovane ministro degli Esteri al mondo stringe legami con i Paesi non allineati<\/strong>, accoglie Nelson Mandela e Che Guevara, concede cittadinanza ai rivoltosi di tutto il mondo; un uomo tiepidamente al fianco della Russia ma man mano sempre pi\u00f9 vicino agli Stati Uniti. Prima sorridente al fianco di Lula, protettore e dialogatore con criminali di fama internazionale come il comandante Carlos; anni dopo, sedotto dai proventi che l\u2019Occidente \u00e8 ben contento di dar loro in cambio delle risorse naturali.<\/p>\n<p style=\"font-weight: 400;\">Un momento di stop, quello del suo esilio tra Dubai e la Francia, dovuto pare a uno scandalo finanziario. Non il primo, e nemmeno l\u2019ultimo, in una carriera spesso venata dalla <strong>corruzione<\/strong>. Poi il ritorno nel 1999, dopo anni di basso profilo durante il periodo della guerra civile, pronto a conquistare il potere facendo assai probabilmente ricorso ai brogli. Bouteflika non \u00e8 stato mai un eroe, o un leader di quelli che trascinano le folle; <strong>era un Macchiavelli pi\u00f9 volpe che leone<\/strong>, silenzioso tessitore di trame all\u2019ombra di personaggi ben pi\u00f9 famigerati, capace per\u00f2 di ritagliarsi come ministro degli Esteri un ruolo da indispensabile mediatore.<\/p>\n<p><strong>Il racconto dei media<\/strong><br \/>\nEppure, anche l\u2019estero sembra essersene dimenticato. I giornali stranieri inseguono il rialzo delle bollette in Europa, i sobbalzi del Partito democratico in America, le prossime battaglie della guerra alla pandemia. Gli si dedica qualche biografia sui media francesi, qualcuno\u00a0<a href=\"https:\/\/www.liberation.fr\/international\/afrique\/en-algerie-la-mort-de-bouteflika-suscite-embarras-et-ressentiment-20210918_FV6F6AJKTFDXHCWL67H5GSV2YY\/\" target=\"_blank\" rel=\"noopener\" data-saferedirecturl=\"https:\/\/www.google.com\/url?q=https:\/\/www.liberation.fr\/international\/afrique\/en-algerie-la-mort-de-bouteflika-suscite-embarras-et-ressentiment-20210918_FV6F6AJKTFDXHCWL67H5GSV2YY\/&amp;source=gmail&amp;ust=1632325154494000&amp;usg=AFQjCNG16j1CNLe679xByCmqW2oBIfAr9w\">raccoglie due o tre opinioni<\/a>\u00a0dalla strada dopo i primi giorni di totale silenzio stampa;\u00a0<a href=\"https:\/\/www.theguardian.com\/world\/2021\/sep\/20\/abdelaziz-bouteflika-obituary\" data-saferedirecturl=\"https:\/\/www.google.com\/url?q=https:\/\/www.theguardian.com\/world\/2021\/sep\/20\/abdelaziz-bouteflika-obituary&amp;source=gmail&amp;ust=1632325154494000&amp;usg=AFQjCNHlNO219QqOV4bocxnVOs2W1AmyUw\">due cenni alla vita sul\u00a0<em>Guardian<\/em><\/a>, qualche stralcio consultabile anche sui manuali di storia, niente di deflagrante.\u00a0<a href=\"https:\/\/www.lefigaro.fr\/flash-actu\/algerie-macron-salue-en-bouteflika-une-figure-majeure-et-un-partenaire-exigeant-pour-la-france-20210919\" target=\"_blank\" rel=\"noopener\" data-saferedirecturl=\"https:\/\/www.google.com\/url?q=https:\/\/www.lefigaro.fr\/flash-actu\/algerie-macron-salue-en-bouteflika-une-figure-majeure-et-un-partenaire-exigeant-pour-la-france-20210919&amp;source=gmail&amp;ust=1632325154494000&amp;usg=AFQjCNF-O_fsMelmTl2ZLeXdZR_GWnnrdg\">Anche le parole di Emmanuel Macron<\/a>\u00a0sono abbastanza scontate e laconiche \u2013 due righe in croce su\u00a0<em>Le Figaro<\/em>. Si sforza un po\u2019 di pi\u00f9 qualche media africano, cos\u00ec come anche il re del Marocco, ma siamo ben lontani dai fasti di un funerale eroico, <a href=\"https:\/\/www.voaafrique.com\/a\/alg%C3%A9rie-l-ex-pr%C3%A9sident-bouteflika-inhum%C3%A9-au-cimeti%C3%A8re-el-alia\/6235726.html\" data-saferedirecturl=\"https:\/\/www.google.com\/url?q=https:\/\/www.voaafrique.com\/a\/alg%25C3%25A9rie-l-ex-pr%25C3%25A9sident-bouteflika-inhum%25C3%25A9-au-cimeti%25C3%25A8re-el-alia\/6235726.html&amp;source=gmail&amp;ust=1632325154494000&amp;usg=AFQjCNGCzsvqFYpTwusw2TIdWoD-gAvPIg\">per quanto \u00e8 con gli eroi che Bouteflika viene seppellito<\/a>.<\/p>\n<p style=\"font-weight: 400;\">In Algeria, la chiave \u00e8 il silenzio. Qualche chiacchiera, ovvio, per strada, dove ci si divide tra chi commenta \u201cPace all\u2019anima sua, ma non ha fatto niente per il Paese\u201d e chi invece gli concede un perdono postumo commentando\u00a0<a href=\"https:\/\/pressreader.com\/@nickname23759547\/csb_uPzEdzVVOsYwl2BR-2Ypo4tsX1nzniTShtZbef-ufA43WYolImHbWBc_JZUqpFdFIneT78DA3t4wGvQZ0H_udA\" target=\"_blank\" rel=\"noopener\" data-saferedirecturl=\"https:\/\/www.google.com\/url?q=https:\/\/pressreader.com\/@nickname23759547\/csb_uPzEdzVVOsYwl2BR-2Ypo4tsX1nzniTShtZbef-ufA43WYolImHbWBc_JZUqpFdFIneT78DA3t4wGvQZ0H_udA&amp;source=gmail&amp;ust=1632325154494000&amp;usg=AFQjCNG9n_DvjZMWKaK2vWwoZGjKuP6gqA\">\u201cIn fondo, qualcosa di buono ha fatto anche lui\u201d<\/a>. Poca roba. Per il resto, la vita va avanti. <strong>La metafora pi\u00f9 significativa dei suoi ultimi anni<\/strong>: lui come un sepolto vivo, afatico, senza parola e senza importanza, un fantasma di un incubo passato dimenticato in un angolo; fuori, un&#8217;<strong>Algeria in rivolta che invade le strade come un fiume in piena,<\/strong> prima, e poi la quotidianit\u00e0, come un corso d\u2019acqua pi\u00f9 lento e pacifico, che non ha tempo di occuparsi di vestigia di vecchi tiranni, che vive di contingenza e presente. Un silenzio che \u00e8 anche prova di orgoglio degli algerini, un non voler dare importanza a un uomo che da anni era solo uno spettro, che quel silenzio stesso imponeva\u00a0<a href=\"https:\/\/www.internazionale.it\/video\/2019\/07\/10\/algeria-ferite-guerra-civile\" target=\"_blank\" rel=\"noopener\" data-saferedirecturl=\"https:\/\/www.google.com\/url?q=https:\/\/www.internazionale.it\/video\/2019\/07\/10\/algeria-ferite-guerra-civile&amp;source=gmail&amp;ust=1632325154494000&amp;usg=AFQjCNE79jyUPRpY8PZoJfu2iDLF-he87g\">perfino sui morti<\/a>.<\/p>\n<p style=\"font-weight: 400;\">L\u2019Algeria di oggi\u00a0<a href=\"https:\/\/www.challenges.fr\/monde\/en-algerie-personne-n-a-encore-ni-gagne-ni-perdu_647474\" data-saferedirecturl=\"https:\/\/www.google.com\/url?q=https:\/\/www.challenges.fr\/monde\/en-algerie-personne-n-a-encore-ni-gagne-ni-perdu_647474&amp;source=gmail&amp;ust=1632325154494000&amp;usg=AFQjCNH68um4SZeKmVSaHbDLCQsxybF2Zg\">non \u00e8 messa meglio di quella di due anni fa<\/a>. Ostaggio come il resto del mondo della\u00a0<a href=\"https:\/\/www.france24.com\/fr\/afrique\/20210818-alger-va-revoir-ses-relations-avec-le-maroc-accus%C3%A9-d-%C3%AAtre-impliqu%C3%A9-dans-les-incendies\" data-saferedirecturl=\"https:\/\/www.google.com\/url?q=https:\/\/www.france24.com\/fr\/afrique\/20210818-alger-va-revoir-ses-relations-avec-le-maroc-accus%25C3%25A9-d-%25C3%25AAtre-impliqu%25C3%25A9-dans-les-incendies&amp;source=gmail&amp;ust=1632325154494000&amp;usg=AFQjCNETCVFxUcDL2KutrQF6ypmTvaU8nA\">pandemia<\/a>, funestata dai terribili incendi \u2013\u00a0<a href=\"https:\/\/www.france24.com\/fr\/afrique\/20210818-alger-va-revoir-ses-relations-avec-le-maroc-accus%C3%A9-d-%C3%AAtre-impliqu%C3%A9-dans-les-incendies\" data-saferedirecturl=\"https:\/\/www.google.com\/url?q=https:\/\/www.france24.com\/fr\/afrique\/20210818-alger-va-revoir-ses-relations-avec-le-maroc-accus%25C3%25A9-d-%25C3%25AAtre-impliqu%25C3%25A9-dans-les-incendies&amp;source=gmail&amp;ust=1632325154494000&amp;usg=AFQjCNETCVFxUcDL2KutrQF6ypmTvaU8nA\">forse dolosi<\/a>\u00a0\u2013 di questa estate, disillusa da un governo di transizione che\u00a0<a href=\"https:\/\/fr.euronews.com\/2021\/05\/12\/encore-une-manifestation-interdite-a-alger-l-onu-lance-un-appel-au-gouvernement-algerien\" data-saferedirecturl=\"https:\/\/www.google.com\/url?q=https:\/\/fr.euronews.com\/2021\/05\/12\/encore-une-manifestation-interdite-a-alger-l-onu-lance-un-appel-au-gouvernement-algerien&amp;source=gmail&amp;ust=1632325154494000&amp;usg=AFQjCNF6yiv7gg2fOZzWgMDTGcDC-wajOg\">continua a soffocare il libero pensiero e le manifestazioni<\/a>\u00a0come quello precedente. Bouteflika muore nel silenzio, perch\u00e9 quello che ancora non va in Algeria, fa troppo rumore.<\/p>\n","protected":false},"excerpt":{"rendered":"<p>Ci\u00f2 che fa frastuono nel mondo, dopo che Abdelaziz Bouteflika ha esalato il suo ultimo respiro, \u00e8 il suono del silenzio.\u00a0Quello della televisione nazionale che dedica poco e niente all\u2019ex presidente, quello dei quotidiani, quello del popolo dei social che si d\u00e0 all&#8217;humour nero \u201c\u00c8 morto Bouteflika \/ Di nuovo?\u201d. L&#8217;indifferenza finisce per essere il [&hellip;]<\/p>\n","protected":false},"author":22,"featured_media":89370,"comment_status":"closed","ping_status":"closed","sticky":false,"template":"","format":"standard","meta":{"footnotes":""},"categories":[2235,9],"tags":[177,1404,3268],"_links":{"self":[{"href":"https:\/\/www.archivio-affarinternazionali.it\/archivio\/wp-json\/wp\/v2\/posts\/89369"}],"collection":[{"href":"https:\/\/www.archivio-affarinternazionali.it\/archivio\/wp-json\/wp\/v2\/posts"}],"about":[{"href":"https:\/\/www.archivio-affarinternazionali.it\/archivio\/wp-json\/wp\/v2\/types\/post"}],"author":[{"embeddable":true,"href":"https:\/\/www.archivio-affarinternazionali.it\/archivio\/wp-json\/wp\/v2\/users\/22"}],"replies":[{"embeddable":true,"href":"https:\/\/www.archivio-affarinternazionali.it\/archivio\/wp-json\/wp\/v2\/comments?post=89369"}],"version-history":[{"count":2,"href":"https:\/\/www.archivio-affarinternazionali.it\/archivio\/wp-json\/wp\/v2\/posts\/89369\/revisions"}],"predecessor-version":[{"id":89374,"href":"https:\/\/www.archivio-affarinternazionali.it\/archivio\/wp-json\/wp\/v2\/posts\/89369\/revisions\/89374"}],"wp:featuredmedia":[{"embeddable":true,"href":"https:\/\/www.archivio-affarinternazionali.it\/archivio\/wp-json\/wp\/v2\/media\/89370"}],"wp:attachment":[{"href":"https:\/\/www.archivio-affarinternazionali.it\/archivio\/wp-json\/wp\/v2\/media?parent=89369"}],"wp:term":[{"taxonomy":"category","embeddable":true,"href":"https:\/\/www.archivio-affarinternazionali.it\/archivio\/wp-json\/wp\/v2\/categories?post=89369"},{"taxonomy":"post_tag","embeddable":true,"href":"https:\/\/www.archivio-affarinternazionali.it\/archivio\/wp-json\/wp\/v2\/tags?post=89369"}],"curies":[{"name":"wp","href":"https:\/\/api.w.org\/{rel}","templated":true}]}}