{"id":89572,"date":"2021-10-01T06:00:34","date_gmt":"2021-10-01T04:00:34","guid":{"rendered":"https:\/\/www.archivio-affarinternazionali.it\/archivio\/?p=89572"},"modified":"2021-10-06T07:21:39","modified_gmt":"2021-10-06T05:21:39","slug":"la-nuova-germania-somiglia-tanto-alla-vecchia-parla-morschel-fes","status":"publish","type":"post","link":"https:\/\/www.archivio-affarinternazionali.it\/archivio\/2021\/10\/la-nuova-germania-somiglia-tanto-alla-vecchia-parla-morschel-fes\/","title":{"rendered":"&#8220;La nuova Germania somiglia tanto alla vecchia&#8221;: parla M\u00f6rschel (Fes)"},"content":{"rendered":"<p style=\"font-weight: 400;\">Chiuse le urne, taciuti gli exit poll, la <strong>Germania<\/strong> che fa i conti con il <strong>Bundestag pi\u00f9 numeroso di sempre<\/strong> si prepara a una lunga (ma forse no) consultazione per la formazione di un nuovo governo, il primo nella storia federale a vedere la partecipazione di tre partiti. Nella tavolozza di colori politici che l&#8217;<strong>Spd<\/strong> in prima battuta, ma possibilmente anche la <strong>Cdu\/Csu<\/strong>,\u00a0dovranno armonizzare si configurano due modelli: quello \u201cSemaforo\u201d e quello \u201cGiamaica\u201d, dai toni cromatici delle forze che entrerebbe in maggioranza.<\/p>\n<p style=\"font-weight: 400;\">In occasione della conferenza del 29 settembre organizzata dall\u2019Istituto Affari Internazionali \u201cLa Germania ha votato. Quali conseguenze per il Paese e per l\u2019Europa?\u201d abbiamo conversato con il direttore dell&#8217;ufficio italiano della<strong> Friedrich-Ebert-Stiftung<\/strong> (Fes) <strong>Tobias M\u00f6rschel<\/strong>.<\/p>\n<p style=\"font-weight: 400;\"><strong>A seguito del risultato elettorale si presume che il modello di partenza sar\u00e0 il \u201cSemaforo\u201d tra Spd, Verdi e liberali. Che margini ci sono per una coalizione e che tempi?\u00a0<\/strong><\/p>\n<p style=\"font-weight: 400;\">Io penso che<strong> entro Natale<\/strong> avremo un nuovo governo, e che questo governo sar\u00e0 secondo il modello \u201c<strong>Semaforo<\/strong>\u201d con <strong>cancelliere <a href=\"https:\/\/www.archivio-affarinternazionali.it\/archivio\/2021\/09\/la-germania-post-merkel-una-galassia-con-un-astro-nascente\/\" target=\"_blank\" rel=\"noopener\">Olaf Scholz<\/a><\/strong>, perch\u00e9 non c\u2019\u00e8 in realt\u00e0 un\u2019alternativa. Una Grande Coalizione (<strong>Gro\u00dfe Koalition<\/strong>) sotto la leadership della Spd con Cdu\/Csu junior partner non \u00e8 fattibile, e anche l\u2019alternativa di avere una \u201ccoalizione <strong>Giamaica<\/strong>\u201d, cio\u00e8 tra Cdu\/Csu e Verdi pi\u00f9 i Liberali, secondo me non \u00e8 molto probabile perch\u00e9 i cristiano-democratici hanno perso le elezioni e sono in uno stato di \u201cdepressione\u201d, per cos\u00ec dire.<\/p>\n<p style=\"font-weight: 400;\"><strong>Fino all\u2019ultimo non si \u00e8 parlato molto, nel dibattito politico, di politica estera. Con l\u2019ingresso dei Verdi, potrebbe esserci un governo pi\u00f9 assertivo (con la Russia ad esempio)?\u00a0<\/strong><\/p>\n<p style=\"font-weight: 400;\">\u00c8 vero che non si \u00e8 parlato molto di politica estera, nei dibattiti e via dicendo; ma \u00e8 anche vero che Olaf Scholz, ad esempio, fin dall\u2019inizio ha detto di avere due o tre punti chiave, e uno di questi \u00e8 <strong>l\u2019&#8221;Europa sovrana&#8221;<\/strong>. Questo punto non \u00e8 mai stato in discussione tra i partiti. Sono quindi abbastanza sicuro che sia con Spd sia con i Verdi avremo un governo un po\u2019 pi\u00f9 europeo di quello precedente. Questo sia per quanto riguarda per esempio <strong>un\u2019Ue pi\u00f9 forte in ambito militare ma anche in quello fiscale<\/strong>, e su questo i programmi elettorali di Spd e Verdi sono molto vicini. Quindi almeno sul lato europeo, se avremo la coalizione \u201cSemaforo\u201d, prevedo qualche passo in avanti.<\/p>\n<p style=\"font-weight: 400;\"><strong>Un altro tema fondamentale \u00e8 stato l&#8217;ambiente, soprattutto tra l\u2019elettorato pi\u00f9 giovane che infatti ha premiato chi ne ha parlato di pi\u00f9. Potrebbe essere al centro delle discussioni per una coalizione?\u00a0<\/strong><\/p>\n<p style=\"font-weight: 400;\">Sicuramente. Il\u00a0<em>climate<\/em>\u00a0<em>change<\/em>\u00a0\u00e8 &#8220;il&#8221; tema in Germania al momento, insieme con la questione sociale. Questi due punti sono stati i punti chiave per cui hanno vinto Spd e Verdi, e sicuramente<strong> il nuovo governo metter\u00e0 il cambiamento climatico al centro del suo lavoro<\/strong> e si tenter\u00e0 di operare un cambiamento anche in chiave sociale, evitando di perdere posti di lavoro e lavoratori.<\/p>\n<figure style=\"width: 300px\" class=\"wp-caption alignright\"><img loading=\"lazy\" decoding=\"async\" src=\"https:\/\/italia.fes.de\/fileadmin\/_processed_\/b\/2\/csm_Team_Tobias-Moerschel_7_9239a19cd2.jpg\" alt=\"\" width=\"300\" height=\"300\" \/><figcaption class=\"wp-caption-text\">Tobias M\u00f6rschel \u00e8 direttore dell&#8217;ufficio italiano della Friedrich Ebert Stiftung<\/figcaption><\/figure>\n<p style=\"font-weight: 400;\"><strong>Quindi potrebbe voler dire una tassazione sui patrimoni e redditi pi\u00f9 alti?\u00a0<\/strong><\/p>\n<p style=\"font-weight: 400;\">Dipende chi lo vuole. Spd e Verdi vogliono una tassazione sui redditi alti, mentre la Fdp la vuole abbassare. Questo a mio parere sar\u00e0 il campo pi\u00f9 difficile in cui trovare un\u2019intesa tra i partiti e con ogni probabilit\u00e0 tutto rimarr\u00e0 come \u00e8 al momento, questo sar\u00e0 il compromesso.<\/p>\n<p style=\"font-weight: 400;\"><strong>A seconda di cosa uscir\u00e0 da questi colloqui, quale sar\u00e0 il futuro della \u201cnuova Germania\u201d in Europa?\u00a0<\/strong><\/p>\n<p style=\"font-weight: 400;\">Penso che la \u201cnuova Germania\u201d assomigli molto alla \u201cvecchia Germania\u201d, non sar\u00e0 un cambiamento radicale. Sicuramente anche <strong>la Germania ha bisogno di una modernizzazione<\/strong>. Abbiamo visto durante l\u2019era Covid che tante cose non vanno bene pure da noi e abbiamo bisogno di digitalizzare e modernizzare. Ma al termine di questo processo si riconoscer\u00e0 la stessa Germania per com\u2019era. Sar\u00e0 uno <strong>sviluppo<\/strong>, ma <strong>non un cambiamento<\/strong> o una rivoluzione.<\/p>\n<p style=\"font-weight: 400;\"><strong>Quindi diciamo anche gli equilibri tra Paesi \u201cfrugali\u201d e Mediterraneo europeo rimarranno gli stessi?\u00a0<\/strong><\/p>\n<p style=\"font-weight: 400;\">Ovviamente il futuro della Germania sar\u00e0 anche quello di essere <strong>un mediatore tra questi Paesi<\/strong>, ma ritengo che un governo sotto la guida di Olaf Scholz sar\u00e0 pi\u00f9 vicino ai Paesi del Sud come \u00e8 stato quello precedente di Angela Merkel.<\/p>\n<p><small> Foto di copertina EPA\/HAYOUNG JEON <\/small><\/p>\n","protected":false},"excerpt":{"rendered":"<p>Chiuse le urne, taciuti gli exit poll, la Germania che fa i conti con il Bundestag pi\u00f9 numeroso di sempre si prepara a una lunga (ma forse no) consultazione per la formazione di un nuovo governo, il primo nella storia federale a vedere la partecipazione di tre partiti. Nella tavolozza di colori politici che l&#8217;Spd [&hellip;]<\/p>\n","protected":false},"author":22,"featured_media":89575,"comment_status":"closed","ping_status":"closed","sticky":false,"template":"","format":"standard","meta":{"footnotes":""},"categories":[2028,9],"tags":[2746,3281,113,3279,501,3241,2934,3280,432,140,1657],"_links":{"self":[{"href":"https:\/\/www.archivio-affarinternazionali.it\/archivio\/wp-json\/wp\/v2\/posts\/89572"}],"collection":[{"href":"https:\/\/www.archivio-affarinternazionali.it\/archivio\/wp-json\/wp\/v2\/posts"}],"about":[{"href":"https:\/\/www.archivio-affarinternazionali.it\/archivio\/wp-json\/wp\/v2\/types\/post"}],"author":[{"embeddable":true,"href":"https:\/\/www.archivio-affarinternazionali.it\/archivio\/wp-json\/wp\/v2\/users\/22"}],"replies":[{"embeddable":true,"href":"https:\/\/www.archivio-affarinternazionali.it\/archivio\/wp-json\/wp\/v2\/comments?post=89572"}],"version-history":[{"count":3,"href":"https:\/\/www.archivio-affarinternazionali.it\/archivio\/wp-json\/wp\/v2\/posts\/89572\/revisions"}],"predecessor-version":[{"id":89577,"href":"https:\/\/www.archivio-affarinternazionali.it\/archivio\/wp-json\/wp\/v2\/posts\/89572\/revisions\/89577"}],"wp:featuredmedia":[{"embeddable":true,"href":"https:\/\/www.archivio-affarinternazionali.it\/archivio\/wp-json\/wp\/v2\/media\/89575"}],"wp:attachment":[{"href":"https:\/\/www.archivio-affarinternazionali.it\/archivio\/wp-json\/wp\/v2\/media?parent=89572"}],"wp:term":[{"taxonomy":"category","embeddable":true,"href":"https:\/\/www.archivio-affarinternazionali.it\/archivio\/wp-json\/wp\/v2\/categories?post=89572"},{"taxonomy":"post_tag","embeddable":true,"href":"https:\/\/www.archivio-affarinternazionali.it\/archivio\/wp-json\/wp\/v2\/tags?post=89572"}],"curies":[{"name":"wp","href":"https:\/\/api.w.org\/{rel}","templated":true}]}}