{"id":90432,"date":"2021-11-17T06:44:31","date_gmt":"2021-11-17T05:44:31","guid":{"rendered":"https:\/\/www.archivio-affarinternazionali.it\/archivio\/?p=90432"},"modified":"2021-11-17T07:04:04","modified_gmt":"2021-11-17T06:04:04","slug":"le-minacce-internazionali-che-preoccupano-gli-italiani","status":"publish","type":"post","link":"https:\/\/www.archivio-affarinternazionali.it\/archivio\/2021\/11\/le-minacce-internazionali-che-preoccupano-gli-italiani\/","title":{"rendered":"Le minacce internazionali che preoccupano gli italiani"},"content":{"rendered":"<p>Il <a href=\"https:\/\/www.iai.it\/it\/pubblicazioni\/gli-italiani-e-la-politica-estera-2021\" target=\"_blank\" rel=\"noopener\"><strong>periodico sondaggio<\/strong><\/a>\u00a0condotto dall\u2019Istituto Affari Internazionali e del Laboratorio Analisi Politiche e Sociali (Laps) dell\u2019Universit\u00e0 di Siena, con il sostegno della Fondazione Compagnia di San Paolo,\u00a0sulle <strong>opinioni degli italiani rispetto alla politica estera e di difesa<\/strong> del Paese mostra quest\u2019anno interessanti sviluppi riguardo ad una <strong>peggiorata percezione delle minacce<\/strong>, un maggiore sostegno per le spese militari, ed una sostanziale approvazione del ritiro dall\u2019Afghanistan.<\/p>\n<p>A quasi due anni dall\u2019arrivo in Italia del Covid-19 la classifica delle minacce internazionali vede al primo posto <strong><a href=\"https:\/\/www.archivio-affarinternazionali.it\/archivio\/2021\/09\/clima-in-cima-alle-preoccupazioni-degli-italiani-che-puntano-sullue\/\" target=\"_blank\" rel=\"noopener\">l\u2019emergenza climatica<\/a><\/strong> (8,6 in una scala da 1 a 10) e <strong>al secondo le pandemie<\/strong> (8,4). Leggermente pi\u00f9 distaccati, ma stabilmente da anni tra le maggiori preoccupazioni degli italiani, <strong>gli <a href=\"https:\/\/www.archivio-affarinternazionali.it\/archivio\/2021\/10\/cosa-fa-litalia-per-la-cyber-defence\/\" target=\"_blank\" rel=\"noopener\">attacchi cibernetici<\/a><\/strong> (7,3 punti). Appena fuori dal \u201cpodio\u201d delle minacce percepite seguono, strettamente appaiati, i <strong>flussi migratori verso l\u2019Europa <\/strong>(6,8),<strong> l\u2019ascesa della Cina come potenza globale <\/strong>(6,8),<strong> le tensioni tra Occidente e Russia <\/strong>(6,5).<\/p>\n<p><img loading=\"lazy\" decoding=\"async\" class=\"size-medium wp-image-90444 alignleft\" src=\"https:\/\/www.archivio-affarinternazionali.it\/archivio\/wp-content\/uploads\/2021\/11\/4-300x169.png\" alt=\"\" width=\"300\" height=\"169\" srcset=\"https:\/\/www.archivio-affarinternazionali.it\/archivio\/wp-content\/uploads\/2021\/11\/4-300x169.png 300w, https:\/\/www.archivio-affarinternazionali.it\/archivio\/wp-content\/uploads\/2021\/11\/4-768x432.png 768w, https:\/\/www.archivio-affarinternazionali.it\/archivio\/wp-content\/uploads\/2021\/11\/4-1024x576.png 1024w, https:\/\/www.archivio-affarinternazionali.it\/archivio\/wp-content\/uploads\/2021\/11\/4-495x278.png 495w, https:\/\/www.archivio-affarinternazionali.it\/archivio\/wp-content\/uploads\/2021\/11\/4-360x203.png 360w, https:\/\/www.archivio-affarinternazionali.it\/archivio\/wp-content\/uploads\/2021\/11\/4-125x70.png 125w, https:\/\/www.archivio-affarinternazionali.it\/archivio\/wp-content\/uploads\/2021\/11\/4-850x480.png 850w, https:\/\/www.archivio-affarinternazionali.it\/archivio\/wp-content\/uploads\/2021\/11\/4.png 1600w\" sizes=\"(max-width: 300px) 100vw, 300px\" \/><\/p>\n<p>Comprensibilmente, ai primi quattro posti delle preoccupazioni italiane vi sono <strong>quei fattori che incidono pi\u00f9 direttamente sulla salute, il benessere, la sicurezza personale ed in generale la vita quotidiana <\/strong>dei cittadini.<\/p>\n<p>Ci\u00f2 \u00e8 particolarmente vero per la pandemia i cui effetti sono estremamente sentiti e visibili nel vissuto personale e collettivo, la quale tuttavia non viene messa al primo posto occupato invece da una minaccia molto pi\u00f9 strutturale e potenzialmente catastrofica come il cambiamento climatico. Ci\u00f2 rivela forse uno sguardo oltre il breve periodo pi\u00f9 forte e radicato di quanto racconti lo stereotipo sull\u2019Italia, e forse l<strong>\u2019effetto di una figura fortemente mediatica come quella di Greta Thunberg<\/strong>.<\/p>\n<p>Occorre inoltre considerare che l\u2019ascesa della Cina come potenza globale e le tensioni tra Occidente e Russia negli ultimi anni hanno ricevuto <strong>molta meno attenzione mediatica, al di l\u00e0 del circuito di addetti ai lavori ed esperti<\/strong>, di temi che fanno maggiormente notizia come <a href=\"https:\/\/www.archivio-affarinternazionali.it\/archivio\/2021\/10\/cosa-fa-litalia-per-la-cyber-defence\/\" target=\"_blank\" rel=\"noopener\">gli attacchi cibernetici alla Regione Lazio<\/a> o lo sbarco di decine di migliaia di migranti ogni anno sulle coste italiane.<\/p>\n<p><strong>Cresce la preoccupazione rispetto a Cina e Russia<\/strong><br \/>\nGuardando alla serie storica dei tre sondaggi effettuati tra il 2018 ed il 2020, \u00e8<strong> aumentata sensibilmente la percezione della minaccia rispetto sia all\u2019ascesa cinese<\/strong>, passata da 5,7 a 6,8 punti, <strong>sia,<\/strong>\u00a0seppur<strong> in misura minore, riguardo alle tensioni con la Russia<\/strong> &#8211; da 5,9 a 6,5 punti.<\/p>\n<p>Si tratta in questo caso di dinamiche di sicurezza che attengono alla pi\u00f9 tradizionale <strong>competizione geopolitica tra potenze<\/strong>, seppur estesa a nuovi domini \u2013 <strong>come lo <a href=\"https:\/\/www.archivio-affarinternazionali.it\/archivio\/2021\/06\/la-corsa-allo-spazio-tra-geopolitica-e-big-tech\/\" target=\"_blank\" rel=\"noopener\">spazio<\/a> o il <a href=\"https:\/\/www.archivio-affarinternazionali.it\/archivio\/2021\/03\/nato-e-difesa-cibernetica-una-risposta-militare-ad-attacchi-cyber\/\" target=\"_blank\" rel=\"noopener\">cyberspace<\/a><\/strong> \u2013 e\/o svolta tramite tattiche relativamente nuove, \u201c<a href=\"https:\/\/www.archivio-affarinternazionali.it\/archivio\/2021\/11\/la-guerra-ibrida-di-lukashenko-con-il-favore-di-mosca\/\" target=\"_blank\" rel=\"noopener\">ibride<\/a>\u201d. Dinamiche strutturali, di lungo periodo, con effetti in molteplici settori \u2013 da quello energetico al commercio internazionale, ai vaccini &#8211; che lentamente si fanno strada nell\u2019orizzonte dell\u2019opinione pubblica.<\/p>\n<p><strong>Aumento delle spese militari e ritiro dall&#8217;Afghanistan<\/strong><br \/>\n<img loading=\"lazy\" decoding=\"async\" class=\"size-medium wp-image-90488 alignright\" src=\"https:\/\/www.archivio-affarinternazionali.it\/archivio\/wp-content\/uploads\/2021\/11\/3-300x169.png\" alt=\"\" width=\"300\" height=\"169\" srcset=\"https:\/\/www.archivio-affarinternazionali.it\/archivio\/wp-content\/uploads\/2021\/11\/3-300x169.png 300w, https:\/\/www.archivio-affarinternazionali.it\/archivio\/wp-content\/uploads\/2021\/11\/3-768x432.png 768w, https:\/\/www.archivio-affarinternazionali.it\/archivio\/wp-content\/uploads\/2021\/11\/3-1024x576.png 1024w, https:\/\/www.archivio-affarinternazionali.it\/archivio\/wp-content\/uploads\/2021\/11\/3-495x278.png 495w, https:\/\/www.archivio-affarinternazionali.it\/archivio\/wp-content\/uploads\/2021\/11\/3-360x203.png 360w, https:\/\/www.archivio-affarinternazionali.it\/archivio\/wp-content\/uploads\/2021\/11\/3-125x70.png 125w, https:\/\/www.archivio-affarinternazionali.it\/archivio\/wp-content\/uploads\/2021\/11\/3-850x480.png 850w, https:\/\/www.archivio-affarinternazionali.it\/archivio\/wp-content\/uploads\/2021\/11\/3.png 1600w\" sizes=\"(max-width: 300px) 100vw, 300px\" \/>Il contesto internazionale teso e instabile, ed il generale peggioramento della percezione italiana al riguardo, sono probabilmente tra i fattori che spiegano <strong>l\u2019aumento del sostegno dei cittadini verso le <a href=\"https:\/\/www.archivio-affarinternazionali.it\/archivio\/2021\/08\/difesa-2021-2023-cyber-spazio-e-slancio-interforze\/\" target=\"_blank\" rel=\"noopener\">spese militari<\/a> <\/strong>avvenuto negli ultimi tre anni. La percentuale a favore di un tale incremento \u00e8 balzata infatti in Italia dal 46% del 2018 al 60% del 2021.\u00a0<strong>Il ruolo positivo svolto dalle forze armate italiane nel contesto emergenziale della lotta alla pandemia<\/strong>, dalla distribuzione logistica dei vaccini alla creazione di grandi centri per i tamponi, reso molto visibile dalla nomina del Generale Figliuolo a commissario straordinario per l\u2019emergenza Covid-19, potrebbe aver influito al riguardo specie in quel segmento della popolazione meno familiare con gli altri e prioritari compiti costituzionali svolto dallo strumento militare.<\/p>\n<p>Tra i compiti principali delle forze armate vi \u00e8 <strong>il contributo alla sicurezza e stabilit\u00e0 internazionale tramite le <a href=\"https:\/\/www.archivio-affarinternazionali.it\/archivio\/2021\/08\/missioni-internazionali-dellitalia-poche-novita-molte-conferme\/\" target=\"_blank\" rel=\"noopener\">missioni all\u2019estero<\/a><\/strong>. Il sostegno per le operazioni italiane oltre i confini nazionali \u00e8 leggermente ma costantemente sceso dal 49% del 2018 al 47% del 2020, fino al 45% odierno. Questo dato fa il paio con <strong>il giudizio netto espresso sulla fine dell\u2019intervento militare Nato in Afghanistan<\/strong>: nonostante le <a href=\"https:\/\/www.archivio-affarinternazionali.it\/archivio\/speciali\/il-dramma-afghanistan\/\" target=\"_blank\" rel=\"noopener\">drammatiche immagini e notizie<\/a> di cosa sia successo a Kabul dopo il ritiro occidentale, il 59% \u00e8 favorevole ed il 41% contrario a questa decisione.<\/p>\n<p><img loading=\"lazy\" decoding=\"async\" class=\"size-medium wp-image-90442 alignleft\" src=\"https:\/\/www.archivio-affarinternazionali.it\/archivio\/wp-content\/uploads\/2021\/11\/2-300x169.png\" alt=\"\" width=\"300\" height=\"169\" srcset=\"https:\/\/www.archivio-affarinternazionali.it\/archivio\/wp-content\/uploads\/2021\/11\/2-300x169.png 300w, https:\/\/www.archivio-affarinternazionali.it\/archivio\/wp-content\/uploads\/2021\/11\/2-768x432.png 768w, https:\/\/www.archivio-affarinternazionali.it\/archivio\/wp-content\/uploads\/2021\/11\/2-1024x576.png 1024w, https:\/\/www.archivio-affarinternazionali.it\/archivio\/wp-content\/uploads\/2021\/11\/2-495x278.png 495w, https:\/\/www.archivio-affarinternazionali.it\/archivio\/wp-content\/uploads\/2021\/11\/2-360x203.png 360w, https:\/\/www.archivio-affarinternazionali.it\/archivio\/wp-content\/uploads\/2021\/11\/2-125x70.png 125w, https:\/\/www.archivio-affarinternazionali.it\/archivio\/wp-content\/uploads\/2021\/11\/2-850x480.png 850w, https:\/\/www.archivio-affarinternazionali.it\/archivio\/wp-content\/uploads\/2021\/11\/2.png 1600w\" sizes=\"(max-width: 300px) 100vw, 300px\" \/>L\u2019orientamento italiano \u00e8 <strong>sostanzialmente in linea con la situazione nel resto dell\u2019Occidente<\/strong>. Negli Stati Uniti, attenuatosi col tempo il ricordo degli <a href=\"https:\/\/www.archivio-affarinternazionali.it\/archivio\/newsletter\/l11-settembre-20-anni-dopo-speciale-analisi-e-podcast\/\" target=\"_blank\" rel=\"noopener\">attacchi terroristici dell&#8217;11 settembre<\/a>, il desiderio maggioritario di riportare a casa le truppe dal Medio Oriente ha accomunato elettori democratici e repubblicani, e le presidenze Trump e Biden entrambi <strong>a favore di un drastico disimpegno dalla regione per concentrarsi invece <a href=\"https:\/\/www.archivio-affarinternazionali.it\/archivio\/speciali\/dallatlantico-al-pacifico\/\" target=\"_blank\" rel=\"noopener\">sull\u2019avversario cinese<\/a><\/strong>.<\/p>\n<p>In Europa la situazione \u00e8 ovviamente pi\u00f9 frammentata nelle singole realt\u00e0 nazionali, ma in generale si pu\u00f2 dire che, nonostante la minaccia latente del terrorismo internazionale di matrice islamica, <strong>la maggioranza degli europei non \u00e8 certo a favore di un impegno militare in Afghanistan<\/strong>, sia esso sotto egida Nato, Ue o Onu.<\/p>\n<p>Indagini come quella condotta dallo IAI e dal Laboratorio di Analisi Politiche e Sociali (Laps) dell&#8217;Universit\u00e0 di Siena indicano <strong>orientamenti elettorali e non ricette politiche<\/strong>. Sta in primo luogo ai rappresentanti dei cittadini, e pi\u00f9 in generale alle istituzioni e alla classe dirigente, valutare sia il contesto internazionale che quello interno, e quindi formulare e <strong>attuare soluzioni non solo di breve periodo per gli interessi nazionali e, in questo caso, per la sicurezza del Paese.<\/strong><\/p>\n<p><small><em> Foto di copertina ANSA\/MASSIMO PERCOSSI<\/em><small><\/small><\/small><\/p>\n","protected":false},"excerpt":{"rendered":"<p>Il periodico sondaggio\u00a0condotto dall\u2019Istituto Affari Internazionali e del Laboratorio Analisi Politiche e Sociali (Laps) dell\u2019Universit\u00e0 di Siena, con il sostegno della Fondazione Compagnia di San Paolo,\u00a0sulle opinioni degli italiani rispetto alla politica estera e di difesa del Paese mostra quest\u2019anno interessanti sviluppi riguardo ad una peggiorata percezione delle minacce, un maggiore sostegno per le spese [&hellip;]<\/p>\n","protected":false},"author":39,"featured_media":90439,"comment_status":"closed","ping_status":"closed","sticky":false,"template":"","format":"standard","meta":{"footnotes":""},"categories":[9],"tags":[1669,77,1381,2127,441,2194,108,533,2508],"_links":{"self":[{"href":"https:\/\/www.archivio-affarinternazionali.it\/archivio\/wp-json\/wp\/v2\/posts\/90432"}],"collection":[{"href":"https:\/\/www.archivio-affarinternazionali.it\/archivio\/wp-json\/wp\/v2\/posts"}],"about":[{"href":"https:\/\/www.archivio-affarinternazionali.it\/archivio\/wp-json\/wp\/v2\/types\/post"}],"author":[{"embeddable":true,"href":"https:\/\/www.archivio-affarinternazionali.it\/archivio\/wp-json\/wp\/v2\/users\/39"}],"replies":[{"embeddable":true,"href":"https:\/\/www.archivio-affarinternazionali.it\/archivio\/wp-json\/wp\/v2\/comments?post=90432"}],"version-history":[{"count":9,"href":"https:\/\/www.archivio-affarinternazionali.it\/archivio\/wp-json\/wp\/v2\/posts\/90432\/revisions"}],"predecessor-version":[{"id":90491,"href":"https:\/\/www.archivio-affarinternazionali.it\/archivio\/wp-json\/wp\/v2\/posts\/90432\/revisions\/90491"}],"wp:featuredmedia":[{"embeddable":true,"href":"https:\/\/www.archivio-affarinternazionali.it\/archivio\/wp-json\/wp\/v2\/media\/90439"}],"wp:attachment":[{"href":"https:\/\/www.archivio-affarinternazionali.it\/archivio\/wp-json\/wp\/v2\/media?parent=90432"}],"wp:term":[{"taxonomy":"category","embeddable":true,"href":"https:\/\/www.archivio-affarinternazionali.it\/archivio\/wp-json\/wp\/v2\/categories?post=90432"},{"taxonomy":"post_tag","embeddable":true,"href":"https:\/\/www.archivio-affarinternazionali.it\/archivio\/wp-json\/wp\/v2\/tags?post=90432"}],"curies":[{"name":"wp","href":"https:\/\/api.w.org\/{rel}","templated":true}]}}