{"id":90740,"date":"2021-12-04T08:37:36","date_gmt":"2021-12-04T07:37:36","guid":{"rendered":"https:\/\/www.archivio-affarinternazionali.it\/archivio\/?p=90740"},"modified":"2021-12-10T08:09:00","modified_gmt":"2021-12-10T07:09:00","slug":"in-austria-finisce-lera-kurz-la-promessa-del-conservatorismo-europeo","status":"publish","type":"post","link":"https:\/\/www.archivio-affarinternazionali.it\/archivio\/2021\/12\/in-austria-finisce-lera-kurz-la-promessa-del-conservatorismo-europeo\/","title":{"rendered":"In Austria finisce l&#8217;era Kurz, la promessa del conservatorismo europeo"},"content":{"rendered":"<p>VIENNA <strong>L\u2019uscita di scena di Sebastian Kurz si \u00e8 svolta in due fasi<\/strong>: <a href=\"https:\/\/www.archivio-affarinternazionali.it\/archivio\/2021\/10\/kurz-si-fa-da-parte-e-nomina-il-successore\/\" target=\"_blank\" rel=\"noopener\">il 9 ottobre ha fatto <strong>&#8220;un passo di lato&#8221;<\/strong><\/a>, mantenendo le funzioni di di capo del partito e del gruppo parlamentare; il 2 dicembre ha fatto <strong>&#8220;un passo indietro&#8221;<\/strong>, in tedesco sinonimo di ritiro, abbandonando quelle cariche. Se <a href=\"https:\/\/www.archivio-affarinternazionali.it\/archivio\/2021\/10\/kurz-in-bilico-terremoto-politico-in-austria\/\" target=\"_blank\" rel=\"noopener\">meno di due mesi fa si pensava che si preparasse ad una rivincita elettorale<\/a>, come nel 2019, ora si parla di <strong>&#8220;fine dell\u2019era Kurz&#8221;<\/strong>.<\/p>\n<p>Cosa ha determinato <strong>la caduta dell\u2018enfant prodige del conservatorismo liberale europeo<\/strong>? Essenzialmente, si era fatto molti nemici. A cominciare dai due pi\u00f9 forti partiti di opposizione, i socialdemocratici e i nazionalisti (Fp\u00f6), entrambi ex-alleati da lui successivamente scaricati. Ma insieme a loro anche i Neos (liberali) lo hanno duramente attaccato per la protezione accordata all\u2019alto funzionario Thomas Schmid e i servigi da lui ottenuti. Cosicch\u00e9 la commissione parlamentare di inchiesta sull&#8217;<a href=\"https:\/\/www.archivio-affarinternazionali.it\/archivio\/2019\/09\/austria-kurz-voto-opzioni\/\" target=\"_blank\" rel=\"noopener\">Ibizagate<\/a>,\u00a0 nata a seguito della forte propensione alla corruzione dimostrata da Heinz-Christian Strache, si era trasformata in un tribunale sulla presunta corruttibilit\u00e0 di Kurz e dei suoi stretti collaboratori.<\/p>\n<p>Persino i <strong>verdi<\/strong>, junior partner nella coalizione, a seguito delle successive indagini avviate dalla Procura anti-corruzione hanno messo da parte la presunzione di innocenza. La capogruppo ha tacciato Kurz di corruzione e comportamenti inaccettabili; e la <strong>presa di distanze del vice-cancelliere Werner Kogler<\/strong> \u00e8 stata determinante per le dimissioni di Kurz da capo del governo. Gli stessi Verdi ribadiscono per\u00f2 la volont\u00e0 di proseguire la collaborazione di governo con i popolari (senza Kurz), malgrado i numerosi dissensi. In altre parole, la volont\u00e0 di restare al potere.<\/p>\n<p><strong>Dal nero al turchese (e ritorno)<\/strong><br \/>\nL\u2019opera di demolizione \u00e8 venuta anche dall\u2019interno del Partito popolare, sebbene al momento delle dimissioni da Cancelliere, in ottobre, una schiacciante maggioranza (99.4%) gli avesse confermato la fiducia. Quelle dimissioni, escluse pochi giorni prima, erano venute quando si era delineata una tacita presa di distanza da parte di qualcuno dei &#8220;Granden&#8221;, i maggiorenti, governatori di diverse regioni.<\/p>\n<p>Tutti loro ora, nel rendere omaggio alla <strong>decisione di Kurz di lasciare la politica<\/strong>, la definiscono <strong>&#8220;inevitabile&#8221;<\/strong>. Sottinteso: le procedure giudiziarie avviate dalla Procura potrebbero produrre nuove accuse e comunque dureranno mesi o anni; <strong>non \u00e8 nell\u2019interesse del partito avere un leader che viene rosolato a fuoco lento<\/strong>.<\/p>\n<p>Ma in realt\u00e0 quanto avvenuto in questi giorni pu\u00f2 leggersi anche come <strong>una riscossa di questi maggiorenti<\/strong>, che avevano dovuto ingoiare la trasformazione dell&#8217;\u00d6vp da partito oligarchico da loro governato collettivamente in un partito personale del rampante giovanotto viennese. Trasformazione evidenziata sostituendo il nome ufficioso: non pi\u00f9 &#8220;nero&#8221; ma &#8220;turchese&#8221;. <strong>Adesso la vernice &#8220;turchese&#8221; viene grattata via, assisteremo ad una restaurazione &#8220;nera&#8221;<\/strong> (in Austria questo colore non si identifica con la destra estrema, che ha invece adottato il blu).<\/p>\n<p>Resta da vedere se l&#8217;ostracismo di <strong>un leader giovane e di eccezionale talento<\/strong>, che aveva raddoppiato i consensi elettorali portandoli dal 19 circa al 38%, non opacizzer\u00e0 l\u2019immagine dell\u2018\u00d6vp, ripristinando quella tradizionale di un partito immobilista, dedito solo alla gestione del potere, e facendolo scivolare al secondo posto dietro i socialdemocratici.<\/p>\n<p>Proprio quella popolarit\u00e0, conquistata da Kurz grazie alle sue grandi doti di comunicatore e ai suoi modi garbati, e non certo solo alla manipolazione di sondaggi di opinione organizzata da suoi sodali (ipotizzata dalla suddetta Procura), gli ha fruttato l&#8217;ostilit\u00e0 di molti opinion-makers. Il successo di un giovane di bella presenza non laureato pu\u00f2 generare insofferenza. Specialmente se si atteggia a innovatore e si rivela poi essere un conservatore.<\/p>\n<p>Difficile dire se quesa <strong>antipatia diffusa nelle \u00e9lite<\/strong> assai pi\u00f9 che nella popolazione abbia influenzato <strong>le decisioni dei magistrati della Procura anti-corruzione<\/strong>. Di sicuro il loro modo di procedere &#8211; perquisizioni, sequestro di computer e cellulari, pubblicit\u00e0 data alle indagini &#8211; \u00e8 apparso alquanto drastico se non ostile. Al punto da essere criticato dalla ombudsman per il settore giustizia.<\/p>\n<p><strong>Valzer (di poltrone) a Vienna<\/strong><br \/>\nQuanto alle <strong>dimissioni del cancelliere Alexander Schallenberg<\/strong>, si spiegano anche queste con le dinamiche all\u2019interno del partito (tuttora) di maggioranza relativa: <strong>l&#8217;\u00d6vp deve darsi un nuovo leader e Kanzlerkandidat in vista di eventuali elezioni<\/strong>, e questi deve essere un politico. Schallenberg, che \u00e8 entrato nel partito solo nel 2020\u00a0 una volta diventato ministro degli Esreri, non \u00e8 un politico e non ha l\u2019ambizione di diventarlo. E inoltre \u00e8 un fedelissimo di Kurz. Resta per\u00f2 nel governo rimpastato riprendendosi dopo <strong>una parentesi di 52 giorni<\/strong> il portafoglio degli Esteri.<\/p>\n<p>Altre dimissioni eccellenti quelle del ministro delle Finanze <strong>Gernot Bl\u00fcmel<\/strong>, molto vicino a Kurz e anche lui coinvolto nelle vicende di cui si \u00e8 occupata la Ibiza-Kommission, in particolare la nomina di Thomas Schmid a capo della holding delle partecipazioni statali. Gli succede il poco noto Magnus Brunner, sino a ieri sottosegretario all\u2019ambiente.<\/p>\n<p><strong>Nuovo cancelliere sar\u00e0 Karl Nehammer<\/strong>, sinora ministro dell&#8217;Interno, molto appoggiato dalla influente governatrice della Bassa Austria\u00a0Johanna Mikl-Leitner (cos\u00ec pure dicasi del suo successore, Gerhard Karner). Per costruirsi una immagine di leader deve mostrare di avere in mano le redini del governo, e scegliersi almeno alcuni membri della squadra. Ha subito designato i nuovi titolari di Interni e Finanze e, a sorpresa, dell\u2018Istruzione. Come sottosegretaria alla Cancelleria ha scelto la presidente dei Giovani Popolari, Claudia Plakolm.<\/p>\n<p>La linea politica non dovrebbe cambiare. Nehammer \u00e8, come Kurz, un liberal-conservatore, <strong>sostenitore di una politica restrittiva in materia migratoria<\/strong>. Ha fama di essere incline ad usare espressioni forti e prendere provvedimenti drastici. Nei vertici internazionali l&#8217;Austria avr\u00e0 un rappresentante meno brillante e meno esperto in politica estera che Kurz. <strong>La continuit\u00e0 sar\u00e0 assicurata dal ritorno di Schallenberg agli Esteri<\/strong>.<\/p>\n<p><small> Foto di copertina EPA\/CHRISTIAN BRUNA <\/small><\/p>\n","protected":false},"excerpt":{"rendered":"<p>VIENNA L\u2019uscita di scena di Sebastian Kurz si \u00e8 svolta in due fasi: il 9 ottobre ha fatto &#8220;un passo di lato&#8221;, mantenendo le funzioni di di capo del partito e del gruppo parlamentare; il 2 dicembre ha fatto &#8220;un passo indietro&#8221;, in tedesco sinonimo di ritiro, abbandonando quelle cariche. Se meno di due mesi [&hellip;]<\/p>\n","protected":false},"author":22,"featured_media":90741,"comment_status":"closed","ping_status":"closed","sticky":false,"template":"","format":"standard","meta":{"footnotes":""},"categories":[9],"tags":[176,573,3395,3111,3296,1657,3396],"_links":{"self":[{"href":"https:\/\/www.archivio-affarinternazionali.it\/archivio\/wp-json\/wp\/v2\/posts\/90740"}],"collection":[{"href":"https:\/\/www.archivio-affarinternazionali.it\/archivio\/wp-json\/wp\/v2\/posts"}],"about":[{"href":"https:\/\/www.archivio-affarinternazionali.it\/archivio\/wp-json\/wp\/v2\/types\/post"}],"author":[{"embeddable":true,"href":"https:\/\/www.archivio-affarinternazionali.it\/archivio\/wp-json\/wp\/v2\/users\/22"}],"replies":[{"embeddable":true,"href":"https:\/\/www.archivio-affarinternazionali.it\/archivio\/wp-json\/wp\/v2\/comments?post=90740"}],"version-history":[{"count":3,"href":"https:\/\/www.archivio-affarinternazionali.it\/archivio\/wp-json\/wp\/v2\/posts\/90740\/revisions"}],"predecessor-version":[{"id":90759,"href":"https:\/\/www.archivio-affarinternazionali.it\/archivio\/wp-json\/wp\/v2\/posts\/90740\/revisions\/90759"}],"wp:featuredmedia":[{"embeddable":true,"href":"https:\/\/www.archivio-affarinternazionali.it\/archivio\/wp-json\/wp\/v2\/media\/90741"}],"wp:attachment":[{"href":"https:\/\/www.archivio-affarinternazionali.it\/archivio\/wp-json\/wp\/v2\/media?parent=90740"}],"wp:term":[{"taxonomy":"category","embeddable":true,"href":"https:\/\/www.archivio-affarinternazionali.it\/archivio\/wp-json\/wp\/v2\/categories?post=90740"},{"taxonomy":"post_tag","embeddable":true,"href":"https:\/\/www.archivio-affarinternazionali.it\/archivio\/wp-json\/wp\/v2\/tags?post=90740"}],"curies":[{"name":"wp","href":"https:\/\/api.w.org\/{rel}","templated":true}]}}