{"id":90808,"date":"2021-12-10T07:49:07","date_gmt":"2021-12-10T06:49:07","guid":{"rendered":"https:\/\/www.archivio-affarinternazionali.it\/archivio\/?p=90808"},"modified":"2021-12-10T07:49:47","modified_gmt":"2021-12-10T06:49:47","slug":"la-nuova-diplomazia-del-golfo-conflitti-mediazioni-prospettive","status":"publish","type":"post","link":"https:\/\/www.archivio-affarinternazionali.it\/archivio\/2021\/12\/la-nuova-diplomazia-del-golfo-conflitti-mediazioni-prospettive\/","title":{"rendered":"La nuova diplomazia del Golfo: conflitti, mediazioni, prospettive"},"content":{"rendered":"<p>Negli ultimi dieci anni, dopo gli <a href=\"https:\/\/www.archivio-affarinternazionali.it\/archivio\/speciali\/dieci-anni-dalle-primavere-arabe\/\">sconvolgimenti delle Primavere arabe<\/a>, gli equilibri regionali nell\u2019area del <strong>Medio Oriente<\/strong> e del <strong>Golfo Persico<\/strong> hanno attraversato una fase di profonda trasformazione. Il nuovo scenario che si \u00e8 andato delineando \u00e8 contraddistinto dalla compresenza di tre potenze regionali \u2013 <strong>Turchia, Arabia Saudita e Iran<\/strong> -, sempre pi\u00f9 poli di riferimento per altri paesi e attori della regione.<\/p>\n<p>Parallelamente, alcuni degli stati pi\u00f9 piccoli, come il Kuwait e l\u2019Oman, si sono ritagliati un ruolo da mediatori, mentre la pi\u00f9 importante istituzione sovranazionale dell\u2019area del Golfo, il <strong>Consiglio di cooperazione del Golfo<\/strong>, \u00e8 entrata in uno stato di <em>impasse<\/em> a causa delle tensioni tra i paesi membri, culminate nell\u2019<strong>embargo contro il Qatar <\/strong>da parte di Arabia Saudita, Emirati Arabi Uniti e Bahrein tra il 2017 e il 2021.<\/p>\n<p>Per comprendere appieno le dinamiche regionali, lo sguardo deve necessariamente abbracciare la situazione interna ai singoli paesi, il modo in cui politica estera e politica interna si intrecciano nel plasmare le scelte dei diversi attori in campo. \u00e8 questa la prospettiva di fondo che caratterizza gli studi raccolti nell\u2019ultimo fascicolo di <em>The International Spectator<\/em>, \u201c<a href=\"https:\/\/www.tandfonline.com\/toc\/rspe20\/56\/4\" target=\"_blank\" rel=\"noopener\">Between the Domestic and the International: Ideational Factors, Peacebuilding and Foreign Policy in the Middle East and the Persian Gulf<\/a>\u201d, a cura di Olivia Glombitza e Kristian Coates Ulrichsen.<\/p>\n<p><strong>Il dialogo iraniano nel Golfo<\/strong><\/p>\n<p>Nel caso dell\u2019Iran, per esempio, al di l\u00e0 della retorica ufficiale fortemente ideologica e dell\u2019attivismo del Corpo delle guardie della rivoluzione islamica fuori dai confini del paese, il periodo della presidenza di <strong>Hassan Rouhani<\/strong> si \u00e8 contraddistinto anche per <a href=\"https:\/\/www.tandfonline.com\/doi\/full\/10.1080\/03932729.2021.1986296\" target=\"_blank\" rel=\"noopener\">i ripetuti tentativi del governo di lanciare iniziative di dialogo<\/a> con gli altri stati del Golfo. Il delicato equilibrio tra ideologia e pragmatismo nella politica estera di Teheran \u00e8 ben sintetizzato dai <a href=\"https:\/\/www.tandfonline.com\/doi\/full\/10.1080\/03932729.2021.1991118\" target=\"_blank\" rel=\"noopener\">tre principi guida della politica estera iraniana<\/a>: dignit\u00e0, saggezza e opportunit\u00e0, che sono il diretto portato dell\u2019esperienza rivoluzionaria del 1979, fondata sulla <strong>riaffermazione dell\u2019indipendenza del paese da influenze esterne<\/strong>.<\/p>\n<p><strong>L\u2019Arabia Saudita verso un approccio moderato<\/strong><\/p>\n<p>Considerazioni di politica interna sono anche alla radice della <a href=\"https:\/\/www.tandfonline.com\/doi\/full\/10.1080\/03932729.2021.1987033\" target=\"_blank\" rel=\"noopener\">politica estera saudita degli ultimi anni<\/a>, fortemente condizionata dalla nuova leadership \u201cduale\u201d di re Salman e del giovane principe ereditario <strong>Mohammed bin Salman<\/strong>, la cui nomina ha eluso i meccanismi tradizionali della famiglia reale saudita. Alla ricerca di una legittimazione personale nel paese, il principe ereditario ha inizialmente adottato uno stile diretto e populista in politica interna, che si \u00e8 tradotto in una retorica assertiva e in <strong>scelte azzardate in politica estera<\/strong>, come nel caso dell\u2019intervento in Yemen. Pi\u00f9 di recente, tuttavia, bin Salman ha virato su un approccio pi\u00f9 moderato e conciliante, specie nei confronti dell\u2019Iran, affermando di aspirare ad una <strong>relazione \u201cbuona e speciale\u201d con Teheran<\/strong>. Fattori di carattere economico e strategico potrebbero effettivamente spingere a <a href=\"https:\/\/www.tandfonline.com\/doi\/full\/10.1080\/03932729.2021.1989183\" target=\"_blank\" rel=\"noopener\">un riavvicinamento tra Iran e Arabia Saudita<\/a>: precondizione fondamentale perch\u00e9 ci\u00f2 possa avvenire \u00e8 il superamento da parte delle leadership di entrambi i paesi di una retorica fondata sulla rappresentazione dell\u2019altro come una minaccia.<\/p>\n<p><strong>La diplomazia turca in Siria e Qatar<\/strong><\/p>\n<p>A fianco di Riad e Teheran, <strong>il governo di Ankara<\/strong> si \u00e8 affermato negli ultimi anni come la terza potenza regionale di riferimento. Emblematico \u00e8 in questo senso il ruolo che la Turchia ha svolto in uno dei teatri di crisi nella regione, quello siriano: <a href=\"https:\/\/www.tandfonline.com\/doi\/full\/10.1080\/03932729.2021.1984065\" target=\"_blank\" rel=\"noopener\">nei confronti della Siria i governi dell\u2019AKP di Erdogan<\/a> hanno portato avanti iniziative presentate inizialmente come forme di <strong>diplomazia umanitaria<\/strong> (riguardo alla questione dei rifugiati), e poi progressivamente riarticolate in termini di sicurezza nazionale in conseguenza del mutato clima politico nel paese. Altro fronte di notevole attivismo \u00e8 stato quello qatariano: <a href=\"https:\/\/www.tandfonline.com\/doi\/full\/10.1080\/03932729.2021.1994181\" target=\"_blank\" rel=\"noopener\">i buoni rapporti tra Doha e Ankara<\/a> si sono ulteriormente rafforzati a partire dal 2017, quando il governo turco ha fornito un supporto fondamentale al Qatar stretto dalla morsa dell\u2019embargo saudita ed emiratino. L\u2019alleanza tra Turchia e Qatar \u00e8 stata cementata da una comune retorica incentrata sulla promozione di un islamismo \u201cdal basso\u201d, in contrapposizione all\u2019islamismo \u201cdall\u2019alto\u201d sostenuto tradizionalmente dalla monarchia saudita.<\/p>\n<p><strong>I \u201cpontieri\u201d del Golfo Persico<\/strong><\/p>\n<p>A svolgere un <strong>ruolo da pontieri<\/strong> tra le tre potenze regionali, negli ultimi anni, si sono affermati due piccoli stati con una lunga tradizione da mediatori, <strong>Kuwait e Oman<\/strong>. <a href=\"https:\/\/www.tandfonline.com\/doi\/full\/10.1080\/03932729.2021.1982293\" target=\"_blank\" rel=\"noopener\">Nel caso del Kuwait<\/a>, questa funzione \u00e8 stata indubbiamente facilitata dalla presenza al vertice di un leader di grande esperienza e con un notevole prestigio personale come l\u2019emiro <strong>Sabah al-Sabah<\/strong>. <a href=\"https:\/\/www.tandfonline.com\/doi\/full\/10.1080\/03932729.2021.1996004\" target=\"_blank\" rel=\"noopener\">L\u2019Oman si \u00e8 ritagliato un ruolo da mediatore<\/a> anche grazie alla costruzione di una complessa e articolata rete di relazioni e alleanze anche extraregionali; per il governo di Muscat, svolgere una funzione di mediazione \u00e8 anche un modo per contenere e prevenire possibili tensioni all\u2019interno del paese. Al contrario, <a href=\"https:\/\/www.tandfonline.com\/doi\/full\/10.1080\/03932729.2021.1987034\" target=\"_blank\" rel=\"noopener\">il Consiglio di cooperazione del Golfo<\/a> ha dimostrato una sostanziale incapacit\u00e0 di contribuire al superamento delle ripetute crisi che hanno flagellato uno dei contesti di maggiore instabilit\u00e0 nella regione, quello yemenita. Solo uno sforzo finalizzato a promuovere una trasformazione profonda delle strutture sociali e a superare le profonde disuguaglianze all\u2019interno del Paese potrebbe garantire infatti una pace duratura in Yemen.<\/p>\n<p><small>Foto di copertina EPA\/BANDAR ALAJALOUD\/SAUDI ROYAL COURT<\/small><\/p>\n","protected":false},"excerpt":{"rendered":"<p>Negli ultimi dieci anni, dopo gli sconvolgimenti delle Primavere arabe, gli equilibri regionali nell\u2019area del Medio Oriente e del Golfo Persico hanno attraversato una fase di profonda trasformazione. Il nuovo scenario che si \u00e8 andato delineando \u00e8 contraddistinto dalla compresenza di tre potenze regionali \u2013 Turchia, Arabia Saudita e Iran -, sempre pi\u00f9 poli di [&hellip;]<\/p>\n","protected":false},"author":46,"featured_media":90809,"comment_status":"closed","ping_status":"closed","sticky":false,"template":"","format":"standard","meta":{"footnotes":""},"categories":[9],"tags":[162,749,3412,93,510,179,130],"_links":{"self":[{"href":"https:\/\/www.archivio-affarinternazionali.it\/archivio\/wp-json\/wp\/v2\/posts\/90808"}],"collection":[{"href":"https:\/\/www.archivio-affarinternazionali.it\/archivio\/wp-json\/wp\/v2\/posts"}],"about":[{"href":"https:\/\/www.archivio-affarinternazionali.it\/archivio\/wp-json\/wp\/v2\/types\/post"}],"author":[{"embeddable":true,"href":"https:\/\/www.archivio-affarinternazionali.it\/archivio\/wp-json\/wp\/v2\/users\/46"}],"replies":[{"embeddable":true,"href":"https:\/\/www.archivio-affarinternazionali.it\/archivio\/wp-json\/wp\/v2\/comments?post=90808"}],"version-history":[{"count":2,"href":"https:\/\/www.archivio-affarinternazionali.it\/archivio\/wp-json\/wp\/v2\/posts\/90808\/revisions"}],"predecessor-version":[{"id":90811,"href":"https:\/\/www.archivio-affarinternazionali.it\/archivio\/wp-json\/wp\/v2\/posts\/90808\/revisions\/90811"}],"wp:featuredmedia":[{"embeddable":true,"href":"https:\/\/www.archivio-affarinternazionali.it\/archivio\/wp-json\/wp\/v2\/media\/90809"}],"wp:attachment":[{"href":"https:\/\/www.archivio-affarinternazionali.it\/archivio\/wp-json\/wp\/v2\/media?parent=90808"}],"wp:term":[{"taxonomy":"category","embeddable":true,"href":"https:\/\/www.archivio-affarinternazionali.it\/archivio\/wp-json\/wp\/v2\/categories?post=90808"},{"taxonomy":"post_tag","embeddable":true,"href":"https:\/\/www.archivio-affarinternazionali.it\/archivio\/wp-json\/wp\/v2\/tags?post=90808"}],"curies":[{"name":"wp","href":"https:\/\/api.w.org\/{rel}","templated":true}]}}